{"id":76986,"date":"2017-07-10T23:21:44","date_gmt":"2017-07-11T02:21:44","guid":{"rendered":"http:\/\/diarioregionaljf.com.br\/2017\/07\/10\/mulher-e-vitima-de-saidinha-de-banco-no-centro\/"},"modified":"2017-07-10T23:21:44","modified_gmt":"2017-07-11T02:21:44","slug":"mulher-e-vitima-de-saidinha-de-banco-no-centro","status":"publish","type":"post","link":"https:\/\/diarioregionaldigital.com.br\/?p=76986","title":{"rendered":"Mulher \u00e9 v\u00edtima de \u201csaidinha de banco\u201d no Centro"},"content":{"rendered":"<p>Uma mulher de 29 anos foi assaltada ap\u00f3s sair de uma ag\u00eancia banc\u00e1ria na Avenida Get\u00falio Vargas, regi\u00e3o Central, na tarde desta segunda-feira, 10. A v\u00edtima relatou aos militares que foi ao banco realizar um saque e que ap\u00f3s sair da ag\u00eancia, um homem a seguiu e a encurralou na parede, colocando algo pontiagudo em suas costas.<\/p>\n<p>O infrator disse para ela repassar todo o dinheiro que havia sacado e a mulher lhe entregou R$828, que teria retirado no saque, o cart\u00e3o do banco e a identidade.<\/p>\n<p>A v\u00edtima n\u00e3o conseguir repassar caracter\u00edsticas do autor para a Pol\u00edcia Militar (PM). Ela foi orientada quanto \u00e0s demais provid\u00eancias.<\/p>\n","protected":false},"excerpt":{"rendered":"<p>Uma mulher de 29 anos foi assaltada ap\u00f3s sair de uma ag\u00eancia banc\u00e1ria na Avenida Get\u00falio Vargas, regi\u00e3o Central, na tarde desta segunda-feira, 10. A v\u00edtima relatou aos militares que foi ao banco realizar um saque e que ap\u00f3s sair da ag\u00eancia, um homem a seguiu e a encurralou na parede, colocando algo pontiagudo em [&hellip;]<\/p>\n","protected":false},"author":96,"featured_media":76985,"comment_status":"closed","ping_status":"closed","sticky":false,"template":"","format":"standard","meta":{"footnotes":""},"categories":[253],"tags":[],"class_list":["post-76986","post","type-post","status-publish","format-standard","has-post-thumbnail","hentry","category-cidade"],"_links":{"self":[{"href":"https:\/\/diarioregionaldigital.com.br\/index.php?rest_route=\/wp\/v2\/posts\/76986","targetHints":{"allow":["GET"]}}],"collection":[{"href":"https:\/\/diarioregionaldigital.com.br\/index.php?rest_route=\/wp\/v2\/posts"}],"about":[{"href":"https:\/\/diarioregionaldigital.com.br\/index.php?rest_route=\/wp\/v2\/types\/post"}],"author":[{"embeddable":true,"href":"https:\/\/diarioregionaldigital.com.br\/index.php?rest_route=\/wp\/v2\/users\/96"}],"replies":[{"embeddable":true,"href":"https:\/\/diarioregionaldigital.com.br\/index.php?rest_route=%2Fwp%2Fv2%2Fcomments&post=76986"}],"version-history":[{"count":0,"href":"https:\/\/diarioregionaldigital.com.br\/index.php?rest_route=\/wp\/v2\/posts\/76986\/revisions"}],"wp:featuredmedia":[{"embeddable":true,"href":"https:\/\/diarioregionaldigital.com.br\/index.php?rest_route=\/wp\/v2\/media\/76985"}],"wp:attachment":[{"href":"https:\/\/diarioregionaldigital.com.br\/index.php?rest_route=%2Fwp%2Fv2%2Fmedia&parent=76986"}],"wp:term":[{"taxonomy":"category","embeddable":true,"href":"https:\/\/diarioregionaldigital.com.br\/index.php?rest_route=%2Fwp%2Fv2%2Fcategories&post=76986"},{"taxonomy":"post_tag","embeddable":true,"href":"https:\/\/diarioregionaldigital.com.br\/index.php?rest_route=%2Fwp%2Fv2%2Ftags&post=76986"}],"curies":[{"name":"wp","href":"https:\/\/api.w.org\/{rel}","templated":true}]}}