{"id":76983,"date":"2017-07-10T23:04:23","date_gmt":"2017-07-11T02:04:23","guid":{"rendered":"http:\/\/diarioregionaljf.com.br\/2017\/07\/10\/cultura-3\/"},"modified":"2017-07-10T23:04:23","modified_gmt":"2017-07-11T02:04:23","slug":"cultura-3","status":"publish","type":"post","link":"https:\/\/diarioregionaldigital.com.br\/?p=76983","title":{"rendered":"Cultura"},"content":{"rendered":"<p style=\"text-align: center;\"><span class=\"h4\">Not\u00edcia<\/span><br \/>Em boa hora, o Sindicado de Hot\u00e9is, Restaurantes e Bares de Juiz de Fora avisa a este colunista que considera um avan\u00e7o para as rela\u00e7\u00f5es de consumo a Lei 13.455\/2017, publicada recentemente, que possibilita facultar a diferencia\u00e7\u00e3o de pre\u00e7os de bens e servi\u00e7os oferecidos ao p\u00fablico e fun\u00e7\u00e3o do prazo ou do instrumento de pagamento utilizado por parte dos hot\u00e9is, restaurantes, bares e similares.<\/p>\n<p style=\"text-align: center;\"><span class=\"h4\">Gente Boa<\/span><br \/>Antenad\u00edssimo com as quest\u00f5es sociais de Juiz de Fora, F\u00e1bio Ant\u00f4nio Pereira tomou posse em noite concorrida no Gran Victory, para a presid\u00eancia do Rotary Norte, sucedendo Maria Aparecida de Oliveira Barra. Na oportunidade, Enilda de Moraes ribeiro assumiu a comiss\u00e3o de projetos humanit\u00e1rios do Clube.<\/p>\n<p style=\"text-align: center;\"><span class=\"h4\">Esperan\u00e7a<\/span><br \/>Em tempo de esperan\u00e7a de dias melhores, dois eventos de Juiz de Fora est\u00e3o entre 130 selecionados para receber apoio da Codemig. A Confer\u00eancia de inova\u00e7\u00e3o e Desenvolvimento para a Zona da Mata e o Bierhausen &#8211; Encontro Mineiro de Cerveja Especial, ambos nos pr\u00f3ximos meses.<\/p>\n<p style=\"text-align: center;\"><span class=\"h4\">Coletivo<\/span><br \/>Em franca efervesc\u00eancia, o coletivo PretA\u00e7\u00e3o, formado por mulheres negras, est\u00e1 atuando em conjunto com o coletivo Descol\u00f4nia para dar respaldo jur\u00eddico e psicol\u00f3gico \u00e0s vitimas. Para tanto, a organiza\u00e7\u00e3o lan\u00e7ou, na \u00faltima semana, uma peti\u00e7\u00e3o on-line para recolher assinaturas exigindo que a UFJF se posicionasse.<\/p>\n<p style=\"text-align: center;\"><span class=\"h4\">Festival<\/span><br \/>O chef mineiro Ronie Peterson, encarregado do setor de gastronomia do Senac, viajou para a Bol\u00edvia a fim de participar, na cidade de Quillaloco, do festival gastron\u00f4mico internacional Del Valle 2017. O evento re\u00fane chefs de prest\u00edgio de diversos pa\u00edses, entre eles It\u00e1lia, Coreia, Estados Unidos, Espanha, M\u00e9xico e Argentina. Peterson vai mostrar os valores da culin\u00e1ria brasileira e mineira. Na bagagem est\u00e3o a cacha\u00e7a e o queijo minas.<\/p>\n<p style=\"text-align: center;\"><span class=\"h4\">Cultura<\/span><br \/>O Forum da Cultura da UFJF foi cen\u00e1rio para concorrida noite de lan\u00e7amento de livro \u201c99 Receitas\u201d, dos not\u00e1veis T\u00e1scia Souza, Gustavo Burla e Jos\u00e9 Eduardo Brum. As fotos registram presen\u00e7as que d\u00e3o consist\u00eancia aos eventos culturais na cidade.<\/p>\n<p style=\"text-align: center;\"><img decoding=\"async\" class=\" size-full wp-image-76976\" src=\"http:\/\/diarioregionaljf.com.br\/wp-content\/uploads\/2017\/07\/diario-int-17588-1.jpg\" alt=\"FOTOA.jpg\" width=\"680\" style=\"display: block; margin-left: auto; margin-right: auto;\" srcset=\"https:\/\/diarioregionaldigital.com.br\/wp-content\/uploads\/2017\/07\/diario-int-17588-1.jpg 680w, https:\/\/diarioregionaldigital.com.br\/wp-content\/uploads\/2017\/07\/diario-int-17588-1-300x195.jpg 300w, https:\/\/diarioregionaldigital.com.br\/wp-content\/uploads\/2017\/07\/diario-int-17588-1-360x234.jpg 360w\" sizes=\"(max-width: 680px) 100vw, 680px\" \/>Concei\u00e7\u00e3o Pereira, Alcione Concei\u00e7\u00e3o, Edson e Tisa Dias, Jos\u00e9 Eduardo Brum e M\u00edria Brum<\/p>\n<p style=\"text-align: center;\"><img decoding=\"async\" class=\" size-full wp-image-76977\" src=\"http:\/\/diarioregionaljf.com.br\/wp-content\/uploads\/2017\/07\/diario-int-17588-2.jpg\" alt=\"FOTOB.jpg\" width=\"680\" style=\"display: block; margin-left: auto; margin-right: auto;\" srcset=\"https:\/\/diarioregionaldigital.com.br\/wp-content\/uploads\/2017\/07\/diario-int-17588-2.jpg 680w, https:\/\/diarioregionaldigital.com.br\/wp-content\/uploads\/2017\/07\/diario-int-17588-2-300x195.jpg 300w, https:\/\/diarioregionaldigital.com.br\/wp-content\/uploads\/2017\/07\/diario-int-17588-2-360x234.jpg 360w\" sizes=\"(max-width: 680px) 100vw, 680px\" \/>M\u00e1rcia Falabella, Jos\u00e9 Luiz Ribeiro, Malu Ribeiro e Jos\u00e9 Eduardo Brum<\/p>\n<p style=\"text-align: center;\"><img decoding=\"async\" class=\" size-full wp-image-76978\" src=\"http:\/\/diarioregionaljf.com.br\/wp-content\/uploads\/2017\/07\/diario-int-17588-3.jpg\" alt=\"FOTOC.jpg\" width=\"680\" style=\"display: block; margin-left: auto; margin-right: auto;\" srcset=\"https:\/\/diarioregionaldigital.com.br\/wp-content\/uploads\/2017\/07\/diario-int-17588-3.jpg 680w, https:\/\/diarioregionaldigital.com.br\/wp-content\/uploads\/2017\/07\/diario-int-17588-3-300x199.jpg 300w, https:\/\/diarioregionaldigital.com.br\/wp-content\/uploads\/2017\/07\/diario-int-17588-3-360x238.jpg 360w\" sizes=\"(max-width: 680px) 100vw, 680px\" \/>T\u00e1scia Souza ladeada por Fl\u00e1via Lopes e Ricardo Miranda<\/p>\n<p style=\"text-align: center;\"><img decoding=\"async\" class=\" size-full wp-image-76979\" src=\"http:\/\/diarioregionaljf.com.br\/wp-content\/uploads\/2017\/07\/diario-int-17588-4.jpg\" alt=\"FOTOD.jpg\" width=\"680\" style=\"display: block; margin-left: auto; margin-right: auto;\" srcset=\"https:\/\/diarioregionaldigital.com.br\/wp-content\/uploads\/2017\/07\/diario-int-17588-4.jpg 680w, https:\/\/diarioregionaldigital.com.br\/wp-content\/uploads\/2017\/07\/diario-int-17588-4-300x195.jpg 300w, https:\/\/diarioregionaldigital.com.br\/wp-content\/uploads\/2017\/07\/diario-int-17588-4-360x234.jpg 360w\" sizes=\"(max-width: 680px) 100vw, 680px\" \/>Gustavo Burla, T\u00e1scia Souza, Malu Ribeiro e Jos\u00e9 Eduardo Brum<\/p>\n<p style=\"text-align: center;\"><img decoding=\"async\" class=\" size-full wp-image-76980\" src=\"http:\/\/diarioregionaljf.com.br\/wp-content\/uploads\/2017\/07\/diario-int-17588-5.jpg\" alt=\"FOTOF.jpg\" width=\"680\" style=\"display: block; margin-left: auto; margin-right: auto;\" srcset=\"https:\/\/diarioregionaldigital.com.br\/wp-content\/uploads\/2017\/07\/diario-int-17588-5.jpg 680w, https:\/\/diarioregionaldigital.com.br\/wp-content\/uploads\/2017\/07\/diario-int-17588-5-300x198.jpg 300w, https:\/\/diarioregionaldigital.com.br\/wp-content\/uploads\/2017\/07\/diario-int-17588-5-360x238.jpg 360w\" sizes=\"(max-width: 680px) 100vw, 680px\" \/>Gente querida em tarde informal, Marcelo Lopes e Paula Cherem Lopes, Beth Marocolo Cherem e C\u00e9sar Cherem, Carla e Aroldo Marocolo Cherem<\/p>\n<p style=\"text-align: center;\"><img decoding=\"async\" class=\" size-full wp-image-76981\" src=\"http:\/\/diarioregionaljf.com.br\/wp-content\/uploads\/2017\/07\/diario-int-17588-6.jpg\" alt=\"AA.jpg\" width=\"680\" style=\"display: block; margin-left: auto; margin-right: auto;\" srcset=\"https:\/\/diarioregionaldigital.com.br\/wp-content\/uploads\/2017\/07\/diario-int-17588-6.jpg 680w, https:\/\/diarioregionaldigital.com.br\/wp-content\/uploads\/2017\/07\/diario-int-17588-6-266x300.jpg 266w, https:\/\/diarioregionaldigital.com.br\/wp-content\/uploads\/2017\/07\/diario-int-17588-6-360x407.jpg 360w\" sizes=\"(max-width: 680px) 100vw, 680px\" \/>Um close no maquiador das estrelas Igor Boscato<\/p>\n<p style=\"text-align: center;\"><img decoding=\"async\" class=\" size-full wp-image-76982\" src=\"http:\/\/diarioregionaljf.com.br\/wp-content\/uploads\/2017\/07\/diario-int-17588-7.JPG\" alt=\"FOTOE.JPG\" width=\"680\" style=\"display: block; margin-left: auto; margin-right: auto;\" srcset=\"https:\/\/diarioregionaldigital.com.br\/wp-content\/uploads\/2017\/07\/diario-int-17588-7.JPG 680w, https:\/\/diarioregionaldigital.com.br\/wp-content\/uploads\/2017\/07\/diario-int-17588-7-300x199.jpg 300w, https:\/\/diarioregionaldigital.com.br\/wp-content\/uploads\/2017\/07\/diario-int-17588-7-360x238.jpg 360w\" sizes=\"(max-width: 680px) 100vw, 680px\" \/>No Espa\u00e7o Gutierrez, os alunos do Curso de Gastronomia do CES\/JF<\/p>\n<p class=\"h4\" style=\"text-align: center;\">FOTOSS\u00cdNTESE<\/p>\n<p>Vai bombar, como nos anos anteriores, a Festa da Banana, em Piau. De hoje at\u00e9 domingo, a cidade receber\u00e1 artesanatos com produtos da terra, concurso de Garoto e Garota Piau e Shows com o cantor Daniel, a dupla Jo\u00e3o Neto e Frederico, Renan &amp; Cristiano, Pablo &amp; David, Grupo Melhor Assim, Fabr\u00edcio &amp; Gabriel, Celebre o Rei, Wanderson Pires, Fl\u00e1via Vianna e Djs.<\/p>\n<p>O Hair Stylist Rosenberg Frizeiro vai estar em Belo Horizonte no final do m\u00eas fazendo curso de colora\u00e7\u00e3o e mechas para cabelos de mulheres de estilo.<\/p>\n<p>O Sporte Clube Juiz de Fora foi cen\u00e1rio para curso de monitores e instrutores de Hajime Masch\u00f4 e contou com a presen\u00e7a de renomados Shihan (professores) da escola da Federa\u00e7\u00e3o Internacional de Karate do Shotokan do Brasil.<\/p>\n<p>Din\u00e2mico e atuante Alexandre Barros \u00e9 o novo superintendente do Shopping Jardim Norte.<br \/>O coordenador de odontologia da Suprema, Rodrigo Guerra recebeu os diretores Jorge Montessi e Djalma Ricardo para a 52\u00aa reuni\u00e3o da Associa\u00e7\u00e3o Brasileira de Ensino Odontol\u00f3gico (Abeno).<\/p>\n<p>A escritora Maria Nazar\u00e9 Larocca lan\u00e7ou o livro de poemas bil\u00edngue \u201cBirda Grundo\/Ch\u00e3o de p\u00e1ssaros\u201d, durante o 1\u00ba Encontro de Esperanto realizado na antiga Escola Normas de Juiz de Fora.<\/p>\n<p>Com seu alt\u00edssimo astral, a professora e coordenadora Haline Maia promoveu com alunos de gastronomia do CES\/JF, no Espa\u00e7o Gutierrez, o almo\u00e7o \u201cSob o sol indiano\u201d, harmonizado com cerveja artesanal.<\/p>\n<p>Talentos\u00edssima e no alto de seus 95 anos, Bibi Ferreira se apresenta no Cine-Theatro Central, no dia 15 de julho, com show prestando homenagem a Franck Sinatra.<\/p>\n<p>Para refletir: Quem espera sempre alcan\u00e7a. O amor est\u00e1 no ar. Bom dia JF!<\/p>\n","protected":false},"excerpt":{"rendered":"<p>Not\u00edciaEm boa hora, o Sindicado de Hot\u00e9is, Restaurantes e Bares de Juiz de Fora avisa a este colunista que considera um avan\u00e7o para as rela\u00e7\u00f5es de consumo a Lei 13.455\/2017, publicada recentemente, que possibilita facultar a diferencia\u00e7\u00e3o de pre\u00e7os de bens e servi\u00e7os oferecidos ao p\u00fablico e fun\u00e7\u00e3o do prazo ou do instrumento de pagamento [&hellip;]<\/p>\n","protected":false},"author":96,"featured_media":76975,"comment_status":"closed","ping_status":"closed","sticky":false,"template":"","format":"standard","meta":{"footnotes":""},"categories":[264],"tags":[],"class_list":["post-76983","post","type-post","status-publish","format-standard","has-post-thumbnail","hentry","category-eduardo-gomes"],"_links":{"self":[{"href":"https:\/\/diarioregionaldigital.com.br\/index.php?rest_route=\/wp\/v2\/posts\/76983","targetHints":{"allow":["GET"]}}],"collection":[{"href":"https:\/\/diarioregionaldigital.com.br\/index.php?rest_route=\/wp\/v2\/posts"}],"about":[{"href":"https:\/\/diarioregionaldigital.com.br\/index.php?rest_route=\/wp\/v2\/types\/post"}],"author":[{"embeddable":true,"href":"https:\/\/diarioregionaldigital.com.br\/index.php?rest_route=\/wp\/v2\/users\/96"}],"replies":[{"embeddable":true,"href":"https:\/\/diarioregionaldigital.com.br\/index.php?rest_route=%2Fwp%2Fv2%2Fcomments&post=76983"}],"version-history":[{"count":0,"href":"https:\/\/diarioregionaldigital.com.br\/index.php?rest_route=\/wp\/v2\/posts\/76983\/revisions"}],"wp:featuredmedia":[{"embeddable":true,"href":"https:\/\/diarioregionaldigital.com.br\/index.php?rest_route=\/wp\/v2\/media\/76975"}],"wp:attachment":[{"href":"https:\/\/diarioregionaldigital.com.br\/index.php?rest_route=%2Fwp%2Fv2%2Fmedia&parent=76983"}],"wp:term":[{"taxonomy":"category","embeddable":true,"href":"https:\/\/diarioregionaldigital.com.br\/index.php?rest_route=%2Fwp%2Fv2%2Fcategories&post=76983"},{"taxonomy":"post_tag","embeddable":true,"href":"https:\/\/diarioregionaldigital.com.br\/index.php?rest_route=%2Fwp%2Fv2%2Ftags&post=76983"}],"curies":[{"name":"wp","href":"https:\/\/api.w.org\/{rel}","templated":true}]}}