{"id":76974,"date":"2017-07-10T22:42:33","date_gmt":"2017-07-11T01:42:33","guid":{"rendered":"http:\/\/diarioregionaljf.com.br\/2017\/07\/10\/presidente-confirma-pagamento-do-13-do-inss-em-agosto\/"},"modified":"2017-07-10T22:42:33","modified_gmt":"2017-07-11T01:42:33","slug":"presidente-confirma-pagamento-do-13-do-inss-em-agosto","status":"publish","type":"post","link":"https:\/\/diarioregionaldigital.com.br\/?p=76974","title":{"rendered":"Presidente confirma pagamento do 13\u00b0 do INSS em agosto"},"content":{"rendered":"<p>O presidente Michel Temer se comprometeu a antecipar a primeira parcela do 13\u00b0 dos aposentados e pensionistas do Instituto Nacional do Seguro Social (INSS). A confirma\u00e7\u00e3o foi dada em conversa com o deputado Paulo Pereira da Silva (SD-SP) e com o presidente do Sindicato Nacional dos Aposentados (Sindnapi), Jo\u00e3o Inocentini.<\/p>\n<p>\u201cTemer disse que considera a antecipa\u00e7\u00e3o um direito j\u00e1 adquirido pelos benefici\u00e1rios e n\u00e3o haveria motivos para mudar isso\u201d, afirmou Inocentini.<br \/>O adiantamento da grana ocorre desde 2006, por acordo firmado entre o ent\u00e3o presidente Luiz In\u00e1cio Lula da Silva e as centrais sindicais. Nesse ano, no entanto, o pagamento antecipado seguia incerto at\u00e9 a confirma\u00e7\u00e3o feira por Temer. N\u00e3o existe lei que obrigue o governo a pagar a primeira metade do 13\u00b0 dos aposentados antes. Por isso, o adiantamento depende de um decreto presidencial.<\/p>\n<p>O INSS e a Secretaria da Previd\u00eancia informaram que aguardam o decreto para confirmar o pagamento. No ano passado, a publica\u00e7\u00e3o autorizando a grana saiu somente no final de julho.<\/p>\n<p>O pagamento do abono \u00e9 feito junto com o benef\u00edcio do m\u00eas de agosto. Os dep\u00f3sitos come\u00e7am no dia 25 do m\u00eas que vem para quem recebe apenas um sal\u00e1rio m\u00ednimo. A grana \u00e9 equivalente \u00e0 metade do valor do benef\u00edcio e n\u00e3o tem desconto do Imposto de renda (IR).<\/p>\n<h4 style=\"text-align: center;\">CALEND\u00c1RIO DE PAGAMENTO<\/h4>\n<h5 style=\"text-align: justify;\">Para quem recebe um sal\u00e1rio m\u00ednimo (R$937)<\/h5>\n<table style=\"width: 465px; height: 262px;\">\n<tbody>\n<tr>\n<td style=\"width: 291px; text-align: center;\"><strong>N\u00famero final do benef\u00edcio sem o d\u00edgito<\/strong><\/td>\n<td style=\"width: 161px; text-align: center;\"><strong>Data do pagamento<\/strong><\/td>\n<\/tr>\n<tr>\n<td style=\"width: 291px; text-align: center;\"><span>1<\/span><\/td>\n<td style=\"width: 161px; text-align: center;\"><span>25 de agosto<\/span><\/td>\n<\/tr>\n<tr>\n<td style=\"width: 291px; text-align: center;\"><span>2<\/span><\/td>\n<td style=\"width: 161px; text-align: center;\"><span>28 de agosto<\/span><\/td>\n<\/tr>\n<tr>\n<td style=\"width: 291px; text-align: center;\"><span>3<\/span><\/td>\n<td style=\"width: 161px; text-align: center;\"><span>29 de agosto<\/span><\/td>\n<\/tr>\n<tr>\n<td style=\"width: 291px; text-align: center;\"><span>4<\/span><\/td>\n<td style=\"width: 161px; text-align: center;\"><span>31 de agosto<\/span><\/td>\n<\/tr>\n<tr>\n<td style=\"width: 291px; text-align: center;\"><span>5<\/span><\/td>\n<td style=\"width: 161px; text-align: center;\"><span>31 de agosto<\/span><\/td>\n<\/tr>\n<tr>\n<td style=\"width: 291px; text-align: center;\"><span>6<\/span><\/td>\n<td style=\"width: 161px; text-align: center;\"><span>1 de setembro<\/span><\/td>\n<\/tr>\n<tr>\n<td style=\"width: 291px; text-align: center;\"><span>7<\/span><\/td>\n<td style=\"width: 161px; text-align: center;\"><span>4 de setembro<\/span><\/td>\n<\/tr>\n<tr>\n<td style=\"width: 291px; text-align: center;\"><span>8<\/span><\/td>\n<td style=\"width: 161px; text-align: center;\"><span>5 de setembro<\/span><\/td>\n<\/tr>\n<tr>\n<td style=\"width: 291px; text-align: center;\"><span>9<\/span><\/td>\n<td style=\"width: 161px; text-align: center;\"><span>6 de setembro<\/span><\/td>\n<\/tr>\n<tr>\n<td style=\"width: 291px; text-align: center;\"><span>0<\/span><\/td>\n<td style=\"width: 161px; text-align: center;\"><span>8 de setembro<\/span><\/td>\n<\/tr>\n<\/tbody>\n<\/table>\n<p>&nbsp;<\/p>\n<h5>Para quem recebe acima do sal\u00e1rio m\u00ednimo<\/h5>\n<table>\n<tbody>\n<tr>\n<td style=\"width: 291px; text-align: center;\"><strong>N\u00famero final do benef\u00edcio sem o d\u00edgito<\/strong><\/td>\n<td style=\"width: 161px; text-align: center;\"><strong>Data de pagamento<\/strong><\/td>\n<\/tr>\n<tr>\n<td style=\"width: 291px; text-align: center;\"><span>1 e 6<\/span><\/td>\n<td style=\"width: 161px; text-align: center;\"><span>1 de setembro<\/span><\/td>\n<\/tr>\n<tr>\n<td style=\"width: 291px; text-align: center;\"><span>2 e 7<\/span><\/td>\n<td style=\"width: 161px; text-align: center;\"><span>4 de setembro<\/span><\/td>\n<\/tr>\n<tr>\n<td style=\"width: 291px; text-align: center;\"><span>3 e 8<\/span><\/td>\n<td style=\"width: 161px; text-align: center;\"><span>5 de setembro<\/span><\/td>\n<\/tr>\n<tr>\n<td style=\"width: 291px; text-align: center;\"><span>4 e 9<\/span><\/td>\n<td style=\"width: 161px; text-align: center;\"><span>6 de setembro<\/span><\/td>\n<\/tr>\n<tr>\n<td style=\"width: 291px; text-align: center;\"><span>5 e 0<\/span><\/td>\n<td style=\"width: 161px; text-align: center;\"><span>8 de setembro<\/span><\/td>\n<\/tr>\n<\/tbody>\n<\/table>\n","protected":false},"excerpt":{"rendered":"<p>O presidente Michel Temer se comprometeu a antecipar a primeira parcela do 13\u00b0 dos aposentados e pensionistas do Instituto Nacional do Seguro Social (INSS). A confirma\u00e7\u00e3o foi dada em conversa com o deputado Paulo Pereira da Silva (SD-SP) e com o presidente do Sindicato Nacional dos Aposentados (Sindnapi), Jo\u00e3o Inocentini. \u201cTemer disse que considera a [&hellip;]<\/p>\n","protected":false},"author":96,"featured_media":76973,"comment_status":"closed","ping_status":"closed","sticky":false,"template":"","format":"standard","meta":{"footnotes":""},"categories":[261],"tags":[],"class_list":["post-76974","post","type-post","status-publish","format-standard","has-post-thumbnail","hentry","category-economia"],"_links":{"self":[{"href":"https:\/\/diarioregionaldigital.com.br\/index.php?rest_route=\/wp\/v2\/posts\/76974","targetHints":{"allow":["GET"]}}],"collection":[{"href":"https:\/\/diarioregionaldigital.com.br\/index.php?rest_route=\/wp\/v2\/posts"}],"about":[{"href":"https:\/\/diarioregionaldigital.com.br\/index.php?rest_route=\/wp\/v2\/types\/post"}],"author":[{"embeddable":true,"href":"https:\/\/diarioregionaldigital.com.br\/index.php?rest_route=\/wp\/v2\/users\/96"}],"replies":[{"embeddable":true,"href":"https:\/\/diarioregionaldigital.com.br\/index.php?rest_route=%2Fwp%2Fv2%2Fcomments&post=76974"}],"version-history":[{"count":0,"href":"https:\/\/diarioregionaldigital.com.br\/index.php?rest_route=\/wp\/v2\/posts\/76974\/revisions"}],"wp:featuredmedia":[{"embeddable":true,"href":"https:\/\/diarioregionaldigital.com.br\/index.php?rest_route=\/wp\/v2\/media\/76973"}],"wp:attachment":[{"href":"https:\/\/diarioregionaldigital.com.br\/index.php?rest_route=%2Fwp%2Fv2%2Fmedia&parent=76974"}],"wp:term":[{"taxonomy":"category","embeddable":true,"href":"https:\/\/diarioregionaldigital.com.br\/index.php?rest_route=%2Fwp%2Fv2%2Fcategories&post=76974"},{"taxonomy":"post_tag","embeddable":true,"href":"https:\/\/diarioregionaldigital.com.br\/index.php?rest_route=%2Fwp%2Fv2%2Ftags&post=76974"}],"curies":[{"name":"wp","href":"https:\/\/api.w.org\/{rel}","templated":true}]}}