{"id":76970,"date":"2017-07-10T22:31:48","date_gmt":"2017-07-11T01:31:48","guid":{"rendered":"http:\/\/diarioregionaljf.com.br\/2017\/07\/10\/petrobras-reduz-preco-da-gasolina-em-2\/"},"modified":"2017-07-10T22:31:48","modified_gmt":"2017-07-11T01:31:48","slug":"petrobras-reduz-preco-da-gasolina-em-2","status":"publish","type":"post","link":"https:\/\/diarioregionaldigital.com.br\/?p=76970","title":{"rendered":"Petrobras reduz pre\u00e7o da gasolina em 2%"},"content":{"rendered":"<p>Pela terceira vez consecutiva em uma semana, a Petrobras anunciou um novo corte no pre\u00e7o de dois combust\u00edveis. A partir desta ter\u00e7a-feira, 11, o diesel vai ficar 1,7% mais barato nas refinarias, e a gasolina, 2%. A informa\u00e7\u00e3o consta no site da companhia.<\/p>\n<p>Desde o in\u00edcio de julho, a estatal iniciou um novo formato de reajustes, quase que di\u00e1rios. Esse foi o quinto ajuste de pre\u00e7os desde que essa nova pol\u00edtica teve in\u00edcio. O repasse para o consumidor, no entanto, depende dos postos.<\/p>\n<p>Em 1\u00b0 de julho, quando essa nova estrat\u00e9gia entrou em vigor, a gasolina havia sido cortada em 5,9%, e o diesel em 4,8%. No \u00faltimo ajuste, que ocorreu no s\u00e1bado (8), a Petrobras reduziu o pre\u00e7o do diesel em 0,2% e da gasolina em 0,7%.<\/p>\n<p>A empresa n\u00e3o informou o motivo do reajuste. Essa nova pol\u00edtica de reajustes peri\u00f3dicos, segundo a Petrobras, busca uma maior paridade com o mercado internacional.<\/p>\n<p>Fonte: Portal Brasil<\/p>\n","protected":false},"excerpt":{"rendered":"<p>Pela terceira vez consecutiva em uma semana, a Petrobras anunciou um novo corte no pre\u00e7o de dois combust\u00edveis. A partir desta ter\u00e7a-feira, 11, o diesel vai ficar 1,7% mais barato nas refinarias, e a gasolina, 2%. A informa\u00e7\u00e3o consta no site da companhia. Desde o in\u00edcio de julho, a estatal iniciou um novo formato de [&hellip;]<\/p>\n","protected":false},"author":96,"featured_media":76969,"comment_status":"closed","ping_status":"closed","sticky":false,"template":"","format":"standard","meta":{"footnotes":""},"categories":[261],"tags":[],"class_list":["post-76970","post","type-post","status-publish","format-standard","has-post-thumbnail","hentry","category-economia"],"_links":{"self":[{"href":"https:\/\/diarioregionaldigital.com.br\/index.php?rest_route=\/wp\/v2\/posts\/76970","targetHints":{"allow":["GET"]}}],"collection":[{"href":"https:\/\/diarioregionaldigital.com.br\/index.php?rest_route=\/wp\/v2\/posts"}],"about":[{"href":"https:\/\/diarioregionaldigital.com.br\/index.php?rest_route=\/wp\/v2\/types\/post"}],"author":[{"embeddable":true,"href":"https:\/\/diarioregionaldigital.com.br\/index.php?rest_route=\/wp\/v2\/users\/96"}],"replies":[{"embeddable":true,"href":"https:\/\/diarioregionaldigital.com.br\/index.php?rest_route=%2Fwp%2Fv2%2Fcomments&post=76970"}],"version-history":[{"count":0,"href":"https:\/\/diarioregionaldigital.com.br\/index.php?rest_route=\/wp\/v2\/posts\/76970\/revisions"}],"wp:featuredmedia":[{"embeddable":true,"href":"https:\/\/diarioregionaldigital.com.br\/index.php?rest_route=\/wp\/v2\/media\/76969"}],"wp:attachment":[{"href":"https:\/\/diarioregionaldigital.com.br\/index.php?rest_route=%2Fwp%2Fv2%2Fmedia&parent=76970"}],"wp:term":[{"taxonomy":"category","embeddable":true,"href":"https:\/\/diarioregionaldigital.com.br\/index.php?rest_route=%2Fwp%2Fv2%2Fcategories&post=76970"},{"taxonomy":"post_tag","embeddable":true,"href":"https:\/\/diarioregionaldigital.com.br\/index.php?rest_route=%2Fwp%2Fv2%2Ftags&post=76970"}],"curies":[{"name":"wp","href":"https:\/\/api.w.org\/{rel}","templated":true}]}}