{"id":76960,"date":"2017-07-10T21:07:00","date_gmt":"2017-07-11T00:07:00","guid":{"rendered":"http:\/\/diarioregionaljf.com.br\/2017\/07\/10\/adicional-para-a-educacao-sera-promulgado-nesta-terca-feira\/"},"modified":"2017-07-10T21:07:00","modified_gmt":"2017-07-11T00:07:00","slug":"adicional-para-a-educacao-sera-promulgado-nesta-terca-feira","status":"publish","type":"post","link":"https:\/\/diarioregionaldigital.com.br\/?p=76960","title":{"rendered":"Adicional para a educa\u00e7\u00e3o ser\u00e1 promulgado nesta ter\u00e7a-feira"},"content":{"rendered":"<p>A Emenda \u00e0 Constitui\u00e7\u00e3o 95, que assegura o recebimento do Adicional de Valoriza\u00e7\u00e3o da Educa\u00e7\u00e3o B\u00e1sica (Adveb) aos servidores da categoria, vai ser promulgada pela Mesa da Assembleia Legislativa de Minas Gerais (ALMG) nesta ter\u00e7a-feira, 11, \u00e0s 11h, em ato p\u00fablico no Sal\u00e3o Nobre.<\/p>\n<p>A norma teve origem na Proposta de Emenda \u00e0 Constitui\u00e7\u00e3o (PEC) 45\/17, que teve o deputado Rog\u00e9rio Correia (PT) como primeiro signat\u00e1rio, aprovada pelo Plen\u00e1rio no dia 3 de julho.<\/p>\n<p>A emenda constitucional garante aos servidores da educa\u00e7\u00e3o o pagamento de adicional de 5% a cada cinco anos de efetivo exerc\u00edcio, contados a partir de 1\u00ba de janeiro de 2012. Dessa forma, o adicional, a ser pago mensalmente, j\u00e1 \u00e9 devido desde janeiro deste ano.<\/p>\n<p>O Adveb foi criado pela Lei 21.710, de 2015, que extinguiu a pol\u00edtica remunerat\u00f3ria da educa\u00e7\u00e3o por regime de subs\u00eddio, retornando ao sistema de vencimento. O adicional n\u00e3o vinha sendo pago em fun\u00e7\u00e3o de dispositivo constitucional que impedia o pagamento de acr\u00e9scimos aos servidores estaduais exclusivamente em raz\u00e3o do tempo de servi\u00e7o.<\/p>\n<p>Essa regra, na pr\u00e1tica, extinguiu gratifica\u00e7\u00f5es como o antigo quinqu\u00eanio para todos os servidores que ingressaram no funcionalismo estadual depois de 15 de julho de 2003. A emenda a ser promulgada d\u00e1 nova reda\u00e7\u00e3o ao artigo 116 do Ato das Disposi\u00e7\u00f5es Constitucionais Transit\u00f3rias, de modo a abrir uma exce\u00e7\u00e3o que permita o pagamento do adicional aos servidores da educa\u00e7\u00e3o.<\/p>\n<p>Fonte: Assessoria<\/p>\n","protected":false},"excerpt":{"rendered":"<p>A Emenda \u00e0 Constitui\u00e7\u00e3o 95, que assegura o recebimento do Adicional de Valoriza\u00e7\u00e3o da Educa\u00e7\u00e3o B\u00e1sica (Adveb) aos servidores da categoria, vai ser promulgada pela Mesa da Assembleia Legislativa de Minas Gerais (ALMG) nesta ter\u00e7a-feira, 11, \u00e0s 11h, em ato p\u00fablico no Sal\u00e3o Nobre. A norma teve origem na Proposta de Emenda \u00e0 Constitui\u00e7\u00e3o (PEC) [&hellip;]<\/p>\n","protected":false},"author":96,"featured_media":76959,"comment_status":"closed","ping_status":"closed","sticky":false,"template":"","format":"standard","meta":{"footnotes":""},"categories":[254],"tags":[],"class_list":["post-76960","post","type-post","status-publish","format-standard","has-post-thumbnail","hentry","category-politica"],"_links":{"self":[{"href":"https:\/\/diarioregionaldigital.com.br\/index.php?rest_route=\/wp\/v2\/posts\/76960","targetHints":{"allow":["GET"]}}],"collection":[{"href":"https:\/\/diarioregionaldigital.com.br\/index.php?rest_route=\/wp\/v2\/posts"}],"about":[{"href":"https:\/\/diarioregionaldigital.com.br\/index.php?rest_route=\/wp\/v2\/types\/post"}],"author":[{"embeddable":true,"href":"https:\/\/diarioregionaldigital.com.br\/index.php?rest_route=\/wp\/v2\/users\/96"}],"replies":[{"embeddable":true,"href":"https:\/\/diarioregionaldigital.com.br\/index.php?rest_route=%2Fwp%2Fv2%2Fcomments&post=76960"}],"version-history":[{"count":0,"href":"https:\/\/diarioregionaldigital.com.br\/index.php?rest_route=\/wp\/v2\/posts\/76960\/revisions"}],"wp:featuredmedia":[{"embeddable":true,"href":"https:\/\/diarioregionaldigital.com.br\/index.php?rest_route=\/wp\/v2\/media\/76959"}],"wp:attachment":[{"href":"https:\/\/diarioregionaldigital.com.br\/index.php?rest_route=%2Fwp%2Fv2%2Fmedia&parent=76960"}],"wp:term":[{"taxonomy":"category","embeddable":true,"href":"https:\/\/diarioregionaldigital.com.br\/index.php?rest_route=%2Fwp%2Fv2%2Fcategories&post=76960"},{"taxonomy":"post_tag","embeddable":true,"href":"https:\/\/diarioregionaldigital.com.br\/index.php?rest_route=%2Fwp%2Fv2%2Ftags&post=76960"}],"curies":[{"name":"wp","href":"https:\/\/api.w.org\/{rel}","templated":true}]}}