{"id":76861,"date":"2017-07-08T00:36:52","date_gmt":"2017-07-08T03:36:52","guid":{"rendered":"http:\/\/diarioregionaljf.com.br\/2017\/07\/08\/cesta-basica-pesa-mais-para-o-juiz-forano\/"},"modified":"2017-07-08T00:36:52","modified_gmt":"2017-07-08T03:36:52","slug":"cesta-basica-pesa-mais-para-o-juiz-forano","status":"publish","type":"post","link":"https:\/\/diarioregionaldigital.com.br\/?p=76861","title":{"rendered":"Cesta b\u00e1sica pesa mais para o juiz-forano"},"content":{"rendered":"<p>O pre\u00e7o da cesta b\u00e1sica regional, na semana passada, apresentou aumento em rela\u00e7\u00e3o \u00e0 \u00faltima pesquisa realizada pela Secretaria de Agropecu\u00e1ria e Abastecimento (SAA) da Prefeitura. O valor atual est\u00e1 em R$326,94, enquanto, no \u00faltimo levantamento, era de R$309,49. O aumento foi de 5,64%. Para uma fam\u00edlia de quatro pessoas, dois adultos e duas crian\u00e7as, o gasto com a cesta b\u00e1sica pode atingir a quantia de R$380,83.<\/p>\n<p>Os produtos que mais contribu\u00edram para a eleva\u00e7\u00e3o do pre\u00e7o foram a cebola (46,01%), o tomate (23,70%) e o fub\u00e1 (20,41%). Em contrapartida, alguns alimentos est\u00e3o mais baratos, como o alho (-5%), os folhosos (-3,40%) e o feij\u00e3o preto (-2,26%), que na pen\u00faltima pesquisa j\u00e1 apareciam entre os itens com maior queda.<\/p>\n<p>A batata inglesa lavada teve a maior varia\u00e7\u00e3o de pre\u00e7os entre os produtos pesquisados nos supermercados da cidade, custando entre R$0,49 e R$3,59. O pre\u00e7o da cebola, amarela e roxa, apresentou varia\u00e7\u00e3o de 313%, com valores que v\u00e3o de R$1,45 a R$5,99 o quilo.<\/p>\n<p>O item com maior varia\u00e7\u00e3o foi o amido de milho (355,7%), comercializado por valores que variam de R$2,19 \u00e0 R$9,98. Outros produtos que tamb\u00e9m tiveram altera\u00e7\u00f5es acima de 300% foram a carne mo\u00edda de primeira (315,3%) e o vinagre de vinho (308,3%).<\/p>\n<p>A dona de casa Liane Rodrigues, de 45 anos, j\u00e1 sente no bolso a eleva\u00e7\u00e3o dos pre\u00e7os. \u201cDe modo geral, est\u00e1 tudo muito caro, mas a carne \u00e9 o produto que subiu mais. Muitas vezes, como alternativa, substituo algum item por outro similar e mais em conta ou ent\u00e3o deixo de comprar\u201d, conta.<\/p>\n","protected":false},"excerpt":{"rendered":"<p>O pre\u00e7o da cesta b\u00e1sica regional, na semana passada, apresentou aumento em rela\u00e7\u00e3o \u00e0 \u00faltima pesquisa realizada pela Secretaria de Agropecu\u00e1ria e Abastecimento (SAA) da Prefeitura. O valor atual est\u00e1 em R$326,94, enquanto, no \u00faltimo levantamento, era de R$309,49. O aumento foi de 5,64%. Para uma fam\u00edlia de quatro pessoas, dois adultos e duas crian\u00e7as, [&hellip;]<\/p>\n","protected":false},"author":96,"featured_media":76860,"comment_status":"closed","ping_status":"closed","sticky":false,"template":"","format":"standard","meta":{"footnotes":""},"categories":[253],"tags":[],"class_list":["post-76861","post","type-post","status-publish","format-standard","has-post-thumbnail","hentry","category-cidade"],"_links":{"self":[{"href":"https:\/\/diarioregionaldigital.com.br\/index.php?rest_route=\/wp\/v2\/posts\/76861","targetHints":{"allow":["GET"]}}],"collection":[{"href":"https:\/\/diarioregionaldigital.com.br\/index.php?rest_route=\/wp\/v2\/posts"}],"about":[{"href":"https:\/\/diarioregionaldigital.com.br\/index.php?rest_route=\/wp\/v2\/types\/post"}],"author":[{"embeddable":true,"href":"https:\/\/diarioregionaldigital.com.br\/index.php?rest_route=\/wp\/v2\/users\/96"}],"replies":[{"embeddable":true,"href":"https:\/\/diarioregionaldigital.com.br\/index.php?rest_route=%2Fwp%2Fv2%2Fcomments&post=76861"}],"version-history":[{"count":0,"href":"https:\/\/diarioregionaldigital.com.br\/index.php?rest_route=\/wp\/v2\/posts\/76861\/revisions"}],"wp:featuredmedia":[{"embeddable":true,"href":"https:\/\/diarioregionaldigital.com.br\/index.php?rest_route=\/wp\/v2\/media\/76860"}],"wp:attachment":[{"href":"https:\/\/diarioregionaldigital.com.br\/index.php?rest_route=%2Fwp%2Fv2%2Fmedia&parent=76861"}],"wp:term":[{"taxonomy":"category","embeddable":true,"href":"https:\/\/diarioregionaldigital.com.br\/index.php?rest_route=%2Fwp%2Fv2%2Fcategories&post=76861"},{"taxonomy":"post_tag","embeddable":true,"href":"https:\/\/diarioregionaldigital.com.br\/index.php?rest_route=%2Fwp%2Fv2%2Ftags&post=76861"}],"curies":[{"name":"wp","href":"https:\/\/api.w.org\/{rel}","templated":true}]}}