{"id":76816,"date":"2017-07-07T19:53:40","date_gmt":"2017-07-07T22:53:40","guid":{"rendered":"http:\/\/diarioregionaljf.com.br\/2017\/07\/07\/comissao-de-seguranca-publica-da-camara-recebe-visita-de-representantes-do-centro-socioeducativo\/"},"modified":"2017-07-07T19:53:40","modified_gmt":"2017-07-07T22:53:40","slug":"comissao-de-seguranca-publica-da-camara-recebe-visita-de-representantes-do-centro-socioeducativo","status":"publish","type":"post","link":"https:\/\/diarioregionaldigital.com.br\/?p=76816","title":{"rendered":"Comiss\u00e3o de Seguran\u00e7a P\u00fablica da C\u00e2mara recebe visita de representantes do Centro Socioeducativo"},"content":{"rendered":"<p>Representantes do Centro Socioeducativo de Juiz de Fora se reuniram com os membros da Comiss\u00e3o de Seguran\u00e7a P\u00fablica da C\u00e2mara na tarde da \u00faltima quarta-feira, 05, para apresentar, em primeiro momento, a situa\u00e7\u00e3o prec\u00e1ria enfrentada pelo \u00f3rg\u00e3o, buscando, por meio dos vereadores, um apoio para reverter os problemas apresentados.<\/p>\n<p>O Centro Socioeducativo ajuda os jovens que se encontram em reabilita\u00e7\u00e3o, por meio de projetos culturais, esportivos e cursos profissionalizantes.<\/p>\n<p>Segundo informa\u00e7\u00f5es do presidente da Comiss\u00e3o vereador, Sargento Mello (PTB), a reuni\u00e3o teve como enfoque a apresenta\u00e7\u00e3o dos novos surpevisores do Centro que apresentaram para a Comiss\u00e3o demandas de alguns pontos que precisam ser melhorados no projeto. \u201cUma das demandas \u00e9 na \u00e1rea cultural, a Comiss\u00e3o de seguran\u00e7a P\u00fablica vai solicitar para a Prefeitura, atrav\u00e9s da Funalfa, que seja distribu\u00eddo para os assistidos pelo projeto ingressos ou convites de eventos culturais na cidade promovidos pelo poder publico\u201d, informou Mello. O Sargento enfatizou que a cultura \u00e9 importante na ressocializa\u00e7\u00e3o dos jovens. \u201cForam apresentadas tamb\u00e9m as dificuldades internas para fazer cursos profissionalizantes, v\u00e3o ser vistos com as empresas que desejem ajudar com algum tipo de curso, no geral foi falado das dificuldades que o centro est\u00e1 passando\u201d, complementa o Sargento.<\/p>\n<p>A Comiss\u00e3o, por meio de seu presidente, se prontificou em ajudar no que lhe for cab\u00edvel, prometendo ainda, uma visita para avaliar a situa\u00e7\u00e3o de perto.<\/p>\n","protected":false},"excerpt":{"rendered":"<p>Representantes do Centro Socioeducativo de Juiz de Fora se reuniram com os membros da Comiss\u00e3o de Seguran\u00e7a P\u00fablica da C\u00e2mara na tarde da \u00faltima quarta-feira, 05, para apresentar, em primeiro momento, a situa\u00e7\u00e3o prec\u00e1ria enfrentada pelo \u00f3rg\u00e3o, buscando, por meio dos vereadores, um apoio para reverter os problemas apresentados. O Centro Socioeducativo ajuda os jovens [&hellip;]<\/p>\n","protected":false},"author":96,"featured_media":76815,"comment_status":"closed","ping_status":"closed","sticky":false,"template":"","format":"standard","meta":{"footnotes":""},"categories":[253],"tags":[],"class_list":["post-76816","post","type-post","status-publish","format-standard","has-post-thumbnail","hentry","category-cidade"],"_links":{"self":[{"href":"https:\/\/diarioregionaldigital.com.br\/index.php?rest_route=\/wp\/v2\/posts\/76816","targetHints":{"allow":["GET"]}}],"collection":[{"href":"https:\/\/diarioregionaldigital.com.br\/index.php?rest_route=\/wp\/v2\/posts"}],"about":[{"href":"https:\/\/diarioregionaldigital.com.br\/index.php?rest_route=\/wp\/v2\/types\/post"}],"author":[{"embeddable":true,"href":"https:\/\/diarioregionaldigital.com.br\/index.php?rest_route=\/wp\/v2\/users\/96"}],"replies":[{"embeddable":true,"href":"https:\/\/diarioregionaldigital.com.br\/index.php?rest_route=%2Fwp%2Fv2%2Fcomments&post=76816"}],"version-history":[{"count":0,"href":"https:\/\/diarioregionaldigital.com.br\/index.php?rest_route=\/wp\/v2\/posts\/76816\/revisions"}],"wp:featuredmedia":[{"embeddable":true,"href":"https:\/\/diarioregionaldigital.com.br\/index.php?rest_route=\/wp\/v2\/media\/76815"}],"wp:attachment":[{"href":"https:\/\/diarioregionaldigital.com.br\/index.php?rest_route=%2Fwp%2Fv2%2Fmedia&parent=76816"}],"wp:term":[{"taxonomy":"category","embeddable":true,"href":"https:\/\/diarioregionaldigital.com.br\/index.php?rest_route=%2Fwp%2Fv2%2Fcategories&post=76816"},{"taxonomy":"post_tag","embeddable":true,"href":"https:\/\/diarioregionaldigital.com.br\/index.php?rest_route=%2Fwp%2Fv2%2Ftags&post=76816"}],"curies":[{"name":"wp","href":"https:\/\/api.w.org\/{rel}","templated":true}]}}