{"id":76791,"date":"2017-07-07T00:17:51","date_gmt":"2017-07-07T03:17:51","guid":{"rendered":"http:\/\/diarioregionaljf.com.br\/2017\/07\/07\/pediatra-orienta-sobre-cuidados-com-a-saude-das-criancas-no-inverno\/"},"modified":"2017-07-07T00:17:51","modified_gmt":"2017-07-07T03:17:51","slug":"pediatra-orienta-sobre-cuidados-com-a-saude-das-criancas-no-inverno","status":"publish","type":"post","link":"https:\/\/diarioregionaldigital.com.br\/?p=76791","title":{"rendered":"Pediatra orienta sobre cuidados com a sa\u00fade das crian\u00e7as no inverno"},"content":{"rendered":"<p>\u00c9 no inverno que as interna\u00e7\u00f5es pedi\u00e1tricas registram alta em todo o pa\u00eds. Com o sistema imunol\u00f3gico em forma\u00e7\u00e3o, as crian\u00e7as necessitam da aten\u00e7\u00e3o redobrada dos pais. A crian\u00e7a espirra perto de um brinquedo, a outra toca nele e pronto: o cont\u00e1gio est\u00e1 feito.<br \/>\u201cNesta \u00e9poca do ano os consult\u00f3rios ficam mais cheios do que o habitual. O cen\u00e1rio recorrente \u00e9 de tosse e infec\u00e7\u00f5es respirat\u00f3rias. As doen\u00e7as mais comuns causadas por v\u00edrus s\u00e3o as otites (inflama\u00e7\u00e3o do ouvido m\u00e9dio, interno ou externo), bronquites, pneumonias e crises de asma\u201d, conta a m\u00e9dica pediatra e pneumologista Marta Duarte.<\/p>\n<p>Gripes e resfriados geralmente t\u00eam cura espont\u00e2nea, por\u00e9m, o tratamento serve para aliviar os sintomas. A perda do apetite \u00e9 uma das primeiras consequ\u00eancias. A recomenda\u00e7\u00e3o \u00e9 fazer com que a crian\u00e7a assoe o nariz v\u00e1rias vezes durante o dia. A febre, caso ocorra, pode ser controlada com banhos ou antit\u00e9rmicos. Tamb\u00e9m vale os antial\u00e9rgicos para aliviar os sintomas da alergia e diminuir o inc\u00f4modo. Por\u00e9m, a medica\u00e7\u00e3o deve ser dada apenas com respaldo m\u00e9dico. \u201cO ideal, nestes casos, \u00e9 hidratar bem a crian\u00e7a. \u00c9 muito comum na \u00e9poca do frio as pessoas n\u00e3o consumirem l\u00edquidos com frequ\u00eancia\u201d, explica a m\u00e9dica.<\/p>\n<h4>PREVEN\u00c7\u00c3O<\/h4>\n<p>Marta ressalta, ainda, que embora todas as crian\u00e7as estejam sujeitas \u00e0s doen\u00e7as t\u00edpicas do inverno, aquelas que possuem at\u00e9 dois anos configuram-se como o grupo de maior risco. \u201cO sistema imunol\u00f3gico delas est\u00e1 em constante evolu\u00e7\u00e3o. Quanto mais a crian\u00e7a adoece, mais o sistema \u00e9 fortalecido, adquirindo anticorpos\u201d, explica.<\/p>\n<p>Quando o frio aperta, a vontade \u00e9 fechar todas as janelas e portas. Entretanto, esse procedimento, segundo a pediatra, n\u00e3o \u00e9 recomendado. \u201cO ar precisa circular minimamente. Principalmente no inverno, a casa deve ficar arejada. A precau\u00e7\u00e3o tamb\u00e9m acontece por meio da manuten\u00e7\u00e3o do cart\u00e3o de vacina\u00e7\u00e3o em dia e de uma boa alimenta\u00e7\u00e3o\u201d, finaliza.<\/p>\n","protected":false},"excerpt":{"rendered":"<p>\u00c9 no inverno que as interna\u00e7\u00f5es pedi\u00e1tricas registram alta em todo o pa\u00eds. Com o sistema imunol\u00f3gico em forma\u00e7\u00e3o, as crian\u00e7as necessitam da aten\u00e7\u00e3o redobrada dos pais. A crian\u00e7a espirra perto de um brinquedo, a outra toca nele e pronto: o cont\u00e1gio est\u00e1 feito.\u201cNesta \u00e9poca do ano os consult\u00f3rios ficam mais cheios do que o [&hellip;]<\/p>\n","protected":false},"author":96,"featured_media":76790,"comment_status":"closed","ping_status":"closed","sticky":false,"template":"","format":"standard","meta":{"footnotes":""},"categories":[253],"tags":[],"class_list":["post-76791","post","type-post","status-publish","format-standard","has-post-thumbnail","hentry","category-cidade"],"_links":{"self":[{"href":"https:\/\/diarioregionaldigital.com.br\/index.php?rest_route=\/wp\/v2\/posts\/76791","targetHints":{"allow":["GET"]}}],"collection":[{"href":"https:\/\/diarioregionaldigital.com.br\/index.php?rest_route=\/wp\/v2\/posts"}],"about":[{"href":"https:\/\/diarioregionaldigital.com.br\/index.php?rest_route=\/wp\/v2\/types\/post"}],"author":[{"embeddable":true,"href":"https:\/\/diarioregionaldigital.com.br\/index.php?rest_route=\/wp\/v2\/users\/96"}],"replies":[{"embeddable":true,"href":"https:\/\/diarioregionaldigital.com.br\/index.php?rest_route=%2Fwp%2Fv2%2Fcomments&post=76791"}],"version-history":[{"count":0,"href":"https:\/\/diarioregionaldigital.com.br\/index.php?rest_route=\/wp\/v2\/posts\/76791\/revisions"}],"wp:featuredmedia":[{"embeddable":true,"href":"https:\/\/diarioregionaldigital.com.br\/index.php?rest_route=\/wp\/v2\/media\/76790"}],"wp:attachment":[{"href":"https:\/\/diarioregionaldigital.com.br\/index.php?rest_route=%2Fwp%2Fv2%2Fmedia&parent=76791"}],"wp:term":[{"taxonomy":"category","embeddable":true,"href":"https:\/\/diarioregionaldigital.com.br\/index.php?rest_route=%2Fwp%2Fv2%2Fcategories&post=76791"},{"taxonomy":"post_tag","embeddable":true,"href":"https:\/\/diarioregionaldigital.com.br\/index.php?rest_route=%2Fwp%2Fv2%2Ftags&post=76791"}],"curies":[{"name":"wp","href":"https:\/\/api.w.org\/{rel}","templated":true}]}}