{"id":76789,"date":"2017-07-07T00:08:42","date_gmt":"2017-07-07T03:08:42","guid":{"rendered":"http:\/\/diarioregionaljf.com.br\/2017\/07\/07\/show-3\/"},"modified":"2017-07-07T00:08:42","modified_gmt":"2017-07-07T03:08:42","slug":"show-3","status":"publish","type":"post","link":"https:\/\/diarioregionaldigital.com.br\/?p=76789","title":{"rendered":"Show"},"content":{"rendered":"<p style=\"text-align: center;\"><span class=\"h4\">Opini\u00e3o<\/span><br \/>O desemprego \u00e9 a face mais dolorosa da recess\u00e3o que o Brasil atravessa e seu peso \u00e9 maior para jovens, negros e mulheres, o que aprofunda desigualdades. Al\u00e9m disso, \u00e9 um problema que permanecer\u00e1 presente, mesmo ap\u00f3s a retomada do crescimento. \u00c9 preciso uma aguda preocupa\u00e7\u00e3o com o tema, porque h\u00e1 uma gera\u00e7\u00e3o com seu destino amea\u00e7ado pela falta de emprego. Estamos de olho!<\/p>\n<p style=\"text-align: center;\"><span class=\"h4\">CES\/JF<\/span><br \/>O curso de Tecnologia em Design de Moda do CES\/JF promoveu o XVI desfile \u201cSonhos e Devaneios\u201d. O evento marcou o fim das atividades do semestre. Na oportunidade o curso premiou os alunos Rosana Barbosa de Almeida do Carmo, 1\u00ba per\u00edodo; Rodolfo Silva Sim\u00f5es, 2\u00ba per\u00edodo; Edson da Silva Paula, 3\u00ba per\u00edodo e Ranyelli Ramos Almeida, 5\u00ba per\u00edodo, com o trof\u00e9u Marcelo Mostaro.<\/p>\n<p style=\"text-align: center;\"><span class=\"h4\">Futebol<\/span><br \/>Foi no Clube do Papo, o 81\u00ba Torneio de Futebol Society em homenagem ao m\u00e9dico Luiz Carlos Bertges. O time da CMI Sa\u00fade foi o campe\u00e3o. Ap\u00f3s a premia\u00e7\u00e3o teve churrasco, cerveja e m\u00fasica ao vivo, no maior alto astral.<\/p>\n<p style=\"text-align: center;\"><span class=\"h4\">Show<\/span><br \/>A Cintilante Produ\u00e7\u00f5es traz a montagem da pe\u00e7a \u201cO que voc\u00ea vai ser quando crescer? para o projeto Divers\u00e3o em Cena ArcelorMittal, no dia 9 de julho, domingo, \u00e0s 16h, no Teatro Solar. Escrita por Thelmo Lins e Leo Cunha, o espet\u00e1culo acompanha um garoto que quer se m\u00e1gico. Imperd\u00edvel!<\/p>\n<p style=\"text-align: center;\"><span class=\"h4\">Escrevendo<\/span><br \/>A advogada e poeta In\u00eas Campos est\u00e1 lan\u00e7ando seu primeiro livro e percorrendo toda Minas Gerais em eventos de aut\u00f3grafos concorridos. Ela conta em Geografia particular a hist\u00f3ria de uma viajante que segue seu caminho sem nos dizer aonde vai, buscando encontrar o instante pol\u00edtico e paisagens, coisas e acontecimentos.<\/p>\n<p style=\"text-align: center;\"><img decoding=\"async\" class=\" size-full wp-image-76780\" src=\"http:\/\/diarioregionaljf.com.br\/wp-content\/uploads\/2017\/07\/diario-int-17501-1.jpg\" alt=\"FOTOA.jpg\" width=\"680\" style=\"display: block; margin-left: auto; margin-right: auto;\" srcset=\"https:\/\/diarioregionaldigital.com.br\/wp-content\/uploads\/2017\/07\/diario-int-17501-1.jpg 680w, https:\/\/diarioregionaldigital.com.br\/wp-content\/uploads\/2017\/07\/diario-int-17501-1-300x199.jpg 300w, https:\/\/diarioregionaldigital.com.br\/wp-content\/uploads\/2017\/07\/diario-int-17501-1-360x238.jpg 360w\" sizes=\"(max-width: 680px) 100vw, 680px\" \/>Este colunista ladeado do fot\u00f3grafo Valdir Jr., do designer de interiores Lucas Caneschi e o promoter Igor Carvalhaes na grava\u00e7\u00e3o do programa Espa\u00e7o Aberto, nos est\u00fadios da TVE \u2013 Canal 12<\/p>\n<p style=\"text-align: center;\"><img decoding=\"async\" class=\" size-full wp-image-76781\" src=\"http:\/\/diarioregionaljf.com.br\/wp-content\/uploads\/2017\/07\/diario-int-17501-2.jpg\" alt=\"FOTOB.jpg\" width=\"680\" style=\"display: block; margin-left: auto; margin-right: auto;\" srcset=\"https:\/\/diarioregionaldigital.com.br\/wp-content\/uploads\/2017\/07\/diario-int-17501-2.jpg 680w, https:\/\/diarioregionaldigital.com.br\/wp-content\/uploads\/2017\/07\/diario-int-17501-2-300x199.jpg 300w, https:\/\/diarioregionaldigital.com.br\/wp-content\/uploads\/2017\/07\/diario-int-17501-2-360x238.jpg 360w\" sizes=\"(max-width: 680px) 100vw, 680px\" \/>Em ritmo de compras em Mil\u00e3o, a juiz-forana Vera Alice Tam e o marido empres\u00e1rio Carlos Tam<\/p>\n<p style=\"text-align: center;\"><img decoding=\"async\" class=\" size-full wp-image-76782\" src=\"http:\/\/diarioregionaljf.com.br\/wp-content\/uploads\/2017\/07\/diario-int-17501-3.jpg\" alt=\"FOTOC.jpg\" width=\"680\" style=\"display: block; margin-left: auto; margin-right: auto;\" srcset=\"https:\/\/diarioregionaldigital.com.br\/wp-content\/uploads\/2017\/07\/diario-int-17501-3.jpg 680w, https:\/\/diarioregionaldigital.com.br\/wp-content\/uploads\/2017\/07\/diario-int-17501-3-216x300.jpg 216w, https:\/\/diarioregionaldigital.com.br\/wp-content\/uploads\/2017\/07\/diario-int-17501-3-360x500.jpg 360w\" sizes=\"(max-width: 680px) 100vw, 680px\" \/>Lindos em Festa Julina, Patr\u00edcia Ramos Gomes e o filho Arthur Ramos Gomes Almeida<\/p>\n<p style=\"text-align: center;\"><img decoding=\"async\" class=\" size-full wp-image-76783\" src=\"http:\/\/diarioregionaljf.com.br\/wp-content\/uploads\/2017\/07\/diario-int-17501-4.jpg\" alt=\"FOTOD.jpg\" width=\"680\" style=\"display: block; margin-left: auto; margin-right: auto;\" srcset=\"https:\/\/diarioregionaldigital.com.br\/wp-content\/uploads\/2017\/07\/diario-int-17501-4.jpg 680w, https:\/\/diarioregionaldigital.com.br\/wp-content\/uploads\/2017\/07\/diario-int-17501-4-300x199.jpg 300w, https:\/\/diarioregionaldigital.com.br\/wp-content\/uploads\/2017\/07\/diario-int-17501-4-360x238.jpg 360w\" sizes=\"(max-width: 680px) 100vw, 680px\" \/>No Morro do Imperador, os lindos Luciano Toledo e Mary Tabet Gon\u00e7alves<\/p>\n<p style=\"text-align: center;\"><img decoding=\"async\" class=\" size-full wp-image-76784\" src=\"http:\/\/diarioregionaljf.com.br\/wp-content\/uploads\/2017\/07\/diario-int-17501-5.jpg\" alt=\"FOTOE.jpg\" width=\"680\" style=\"display: block; margin-left: auto; margin-right: auto;\" srcset=\"https:\/\/diarioregionaldigital.com.br\/wp-content\/uploads\/2017\/07\/diario-int-17501-5.jpg 680w, https:\/\/diarioregionaldigital.com.br\/wp-content\/uploads\/2017\/07\/diario-int-17501-5-266x300.jpg 266w, https:\/\/diarioregionaldigital.com.br\/wp-content\/uploads\/2017\/07\/diario-int-17501-5-360x407.jpg 360w\" sizes=\"(max-width: 680px) 100vw, 680px\" \/>Em tarde de Festa Julina, La\u00eds D\u2019\u00c2ngela Gomes Rocha Azevedo e o marido Nilo Azevedo<\/p>\n<p style=\"text-align: center;\"><img decoding=\"async\" class=\" size-full wp-image-76785\" src=\"http:\/\/diarioregionaljf.com.br\/wp-content\/uploads\/2017\/07\/diario-int-17501-6.jpg\" alt=\"FOTOG.jpg\" width=\"680\" style=\"display: block; margin-left: auto; margin-right: auto;\" srcset=\"https:\/\/diarioregionaldigital.com.br\/wp-content\/uploads\/2017\/07\/diario-int-17501-6.jpg 680w, https:\/\/diarioregionaldigital.com.br\/wp-content\/uploads\/2017\/07\/diario-int-17501-6-300x199.jpg 300w, https:\/\/diarioregionaldigital.com.br\/wp-content\/uploads\/2017\/07\/diario-int-17501-6-360x238.jpg 360w\" sizes=\"(max-width: 680px) 100vw, 680px\" \/>No Bar da F\u00e1brica, Marcelo Britto, Pedro Halfeld (aniversariando) e Waney Rocha<\/p>\n<p style=\"text-align: center;\"><img decoding=\"async\" class=\" size-full wp-image-76786\" src=\"http:\/\/diarioregionaljf.com.br\/wp-content\/uploads\/2017\/07\/diario-int-17501-7.jpg\" alt=\"FOTOH.jpg\" width=\"680\" style=\"display: block; margin-left: auto; margin-right: auto;\" srcset=\"https:\/\/diarioregionaldigital.com.br\/wp-content\/uploads\/2017\/07\/diario-int-17501-7.jpg 680w, https:\/\/diarioregionaldigital.com.br\/wp-content\/uploads\/2017\/07\/diario-int-17501-7-266x300.jpg 266w, https:\/\/diarioregionaldigital.com.br\/wp-content\/uploads\/2017\/07\/diario-int-17501-7-360x407.jpg 360w\" sizes=\"(max-width: 680px) 100vw, 680px\" \/>Fazendo estilo em Festa Julina, Marc\u00edlio Gomes e Marcela Tinti<\/p>\n<p style=\"text-align: center;\"><img decoding=\"async\" class=\" size-full wp-image-76787\" src=\"http:\/\/diarioregionaljf.com.br\/wp-content\/uploads\/2017\/07\/diario-int-17501-8.jpg\" alt=\"FOTOI.jpg\" width=\"680\" style=\"display: block; margin-left: auto; margin-right: auto;\" srcset=\"https:\/\/diarioregionaldigital.com.br\/wp-content\/uploads\/2017\/07\/diario-int-17501-8.jpg 680w, https:\/\/diarioregionaldigital.com.br\/wp-content\/uploads\/2017\/07\/diario-int-17501-8-300x169.jpg 300w, https:\/\/diarioregionaldigital.com.br\/wp-content\/uploads\/2017\/07\/diario-int-17501-8-360x203.jpg 360w\" sizes=\"(max-width: 680px) 100vw, 680px\" \/>No Clube do Papo durante o \u201cTorneiro Lu\u00eds Carlos Bertges\u201d, Fernando augusto, Wesley Nepomuceno (Boc\u00e3o-goleiro), Ronny ribeiro (artilheiro), Jos\u00e9 L\u00facio Fernandes e Wanderly Alves<\/p>\n<p style=\"text-align: center;\"><img decoding=\"async\" class=\" size-full wp-image-76788\" src=\"http:\/\/diarioregionaljf.com.br\/wp-content\/uploads\/2017\/07\/diario-int-17501-9.jpg\" alt=\"BB.jpg\" width=\"680\" style=\"display: block; margin-left: auto; margin-right: auto;\" srcset=\"https:\/\/diarioregionaldigital.com.br\/wp-content\/uploads\/2017\/07\/diario-int-17501-9.jpg 680w, https:\/\/diarioregionaldigital.com.br\/wp-content\/uploads\/2017\/07\/diario-int-17501-9-300x221.jpg 300w, https:\/\/diarioregionaldigital.com.br\/wp-content\/uploads\/2017\/07\/diario-int-17501-9-360x265.jpg 360w\" sizes=\"(max-width: 680px) 100vw, 680px\" \/>Comemorando anivers\u00e1rio no Dom Bistr\u00f4, L\u00e9o Peixoto com Selma Franco e Marcela Matamoros Amaral<\/p>\n<p class=\"h4\" style=\"text-align: center;\">FOTOSS\u00ccNTESE<\/p>\n<p>A professora do curso de Comunica\u00e7\u00e3o da Est\u00e1cio Juiz de Fora, Renata Prado, participa em Londres do New Directions in the Humanities 2017. Em pauta a\u00e7\u00f5es de comunica\u00e7\u00e3o pelo mundo.<\/p>\n<p>Neste s\u00e1bado, 8, \u00e0s 12h, tem a 1\u00aa Feijoada do Bloco Concentra mas n\u00e3o sai&#8230; no Ol\u00edmpico Atl\u00e9tico Clube.<\/p>\n<p>Empres\u00e1rios-clientes participam nesta sexta-feira, 7 de julho, \u00e0s 17h, do lan\u00e7amento interno do App do Di\u00e1rio regional na sede do SIRCOM.<\/p>\n<p>Neste s\u00e1bado, 8, tem show no bar Na Garganta com o \u201cL\u00fadica M\u00fasica On The Rocks\u201d. Participa\u00e7\u00e3o de Adalberto Silva (baixo) e Gladston Vieira (bateria).<\/p>\n<p>Em estilo \u00fanico acontece neste s\u00e1bado, 8 de julho, \u00e0s 23h, a bomb\u00e1stica festa Groove, no Pubs. A cena eletr\u00f4nica ter\u00e1 DJs descolados e este colunista vai comandar camarote estrelado.<\/p>\n<p>Alessandra Reis est\u00e1 fazendo o maior sucesso com seus finos doces do Ateli\u00ea do Brownies. Tem tradicionais, recheados, bem-casados, personalizados e tabuleiro de Brownie. Encomendas pelo fone: 98833-1125.<\/p>\n<p>No domingo, 9 de julho, a boa \u00e9 curtir a Feijoada Sertaneja, a partir das 12h, no Esporte Clube Benfica. O tom musical ser\u00e1 de Janduil &amp; Fabiano. A ades\u00e3o \u00e9 de R$25 com bebidas \u00e0 parte.<\/p>\n<p>A agenda aponta para o dia 22 de julho, de 8h30 \u00e0s 19h, no Teatro Solar, o 1\u00ba Semin\u00e1rio de Educa\u00e7\u00e3o e Sa\u00fade Qu\u00e2ntica da Zona da Mata.<\/p>\n<p>Juntando doses de criatividade, o Curso de F\u00e9rias Inove Consultoria Junior vai agregar alunos ao conhecimento. Ser\u00e1 no Col\u00e9gio Conex\u00e3o, nos dias 10, 11 e 12 de julho. Mais informa\u00e7\u00f5es pelo fone: 4009-7013.<\/p>\n<p>Bonita e antenada, a nutricionista B\u00e1rbara Valle dos Reis aposta neste inverno em um atendimento nutricional especializado, reeduca\u00e7\u00e3o alimentar e consultoria nutricional. Contatos: 98831-1798.<\/p>\n<p>A equipe juiz-forana do Univ\u00f4lei foi a vencedora da Ta\u00e7a Matias Barbosa de Voleibol. J\u00e1 na nata\u00e7\u00e3o, Larissa Oliveira venceu o torneio realizado na Unisanta, em Santos.<\/p>\n<p>Neste s\u00e1bado, 8 de julho, tem o encontro de colecionadores Colexcon, no santa Cruz Shopping.<\/p>\n<p>Ser\u00e1 nesta 6\u00aa feira, 7, a comemora\u00e7\u00e3o com festa \u00e0 fantasia do fim do semestre letivo do curso Lollipop. Recebendo, as diretoras Tet\u00ea Aleixo Prata e a filha Cristiane.<\/p>\n<p>Aten\u00e7\u00e3o povo. A gente n\u00e3o desiste do que quer, a gente desiste do que d\u00f3i! Bom final de semana.<\/p>\n","protected":false},"excerpt":{"rendered":"<p>Opini\u00e3oO desemprego \u00e9 a face mais dolorosa da recess\u00e3o que o Brasil atravessa e seu peso \u00e9 maior para jovens, negros e mulheres, o que aprofunda desigualdades. Al\u00e9m disso, \u00e9 um problema que permanecer\u00e1 presente, mesmo ap\u00f3s a retomada do crescimento. \u00c9 preciso uma aguda preocupa\u00e7\u00e3o com o tema, porque h\u00e1 uma gera\u00e7\u00e3o com seu [&hellip;]<\/p>\n","protected":false},"author":96,"featured_media":76779,"comment_status":"closed","ping_status":"closed","sticky":false,"template":"","format":"standard","meta":{"footnotes":""},"categories":[264],"tags":[],"class_list":["post-76789","post","type-post","status-publish","format-standard","has-post-thumbnail","hentry","category-eduardo-gomes"],"_links":{"self":[{"href":"https:\/\/diarioregionaldigital.com.br\/index.php?rest_route=\/wp\/v2\/posts\/76789","targetHints":{"allow":["GET"]}}],"collection":[{"href":"https:\/\/diarioregionaldigital.com.br\/index.php?rest_route=\/wp\/v2\/posts"}],"about":[{"href":"https:\/\/diarioregionaldigital.com.br\/index.php?rest_route=\/wp\/v2\/types\/post"}],"author":[{"embeddable":true,"href":"https:\/\/diarioregionaldigital.com.br\/index.php?rest_route=\/wp\/v2\/users\/96"}],"replies":[{"embeddable":true,"href":"https:\/\/diarioregionaldigital.com.br\/index.php?rest_route=%2Fwp%2Fv2%2Fcomments&post=76789"}],"version-history":[{"count":0,"href":"https:\/\/diarioregionaldigital.com.br\/index.php?rest_route=\/wp\/v2\/posts\/76789\/revisions"}],"wp:featuredmedia":[{"embeddable":true,"href":"https:\/\/diarioregionaldigital.com.br\/index.php?rest_route=\/wp\/v2\/media\/76779"}],"wp:attachment":[{"href":"https:\/\/diarioregionaldigital.com.br\/index.php?rest_route=%2Fwp%2Fv2%2Fmedia&parent=76789"}],"wp:term":[{"taxonomy":"category","embeddable":true,"href":"https:\/\/diarioregionaldigital.com.br\/index.php?rest_route=%2Fwp%2Fv2%2Fcategories&post=76789"},{"taxonomy":"post_tag","embeddable":true,"href":"https:\/\/diarioregionaldigital.com.br\/index.php?rest_route=%2Fwp%2Fv2%2Ftags&post=76789"}],"curies":[{"name":"wp","href":"https:\/\/api.w.org\/{rel}","templated":true}]}}