{"id":76778,"date":"2017-07-07T00:07:09","date_gmt":"2017-07-07T03:07:09","guid":{"rendered":"http:\/\/diarioregionaljf.com.br\/2017\/07\/07\/ufjf-instaura-sindicancia-para-apurar-caso-de-racismo\/"},"modified":"2017-07-07T00:07:09","modified_gmt":"2017-07-07T03:07:09","slug":"ufjf-instaura-sindicancia-para-apurar-caso-de-racismo","status":"publish","type":"post","link":"https:\/\/diarioregionaldigital.com.br\/?p=76778","title":{"rendered":"UFJF instaura sindic\u00e2ncia para apurar caso de racismo"},"content":{"rendered":"<p>Mais de um m\u00eas ap\u00f3s o Coletivo Descol\u00f4nia, formado por artistas e alunos negros do Instituto de Artes e Design (IAD) da Universidade Federal de Juiz de Fora (UFJF), divulgar um caso de racismo institucional vivenciado pelo pai de uma jovem aluna no estacionamento da Universidade, a institui\u00e7\u00e3o divulgou, nessa quinta-feira, 6, uma nota de esclarecimento informando que instaurou processo de sindic\u00e2ncia para apurar a den\u00fancia de racismo formalizada pela estudante.<\/p>\n<p>Al\u00e9m disso, a entidade refor\u00e7a que a\u00e7\u00f5es de seguran\u00e7a est\u00e3o sendo tomadas para prevenir que esses casos aconte\u00e7am, e que est\u00e1 capacitando os seus servidores, por meio do Programa de Avalia\u00e7\u00e3o de Desempenho dos T\u00e9cnicos Administrativos em Educa\u00e7\u00e3o (Proades), promovendo tamb\u00e9m, um trabalho articulado e sistem\u00e1tico com a Pr\u00f3-reitora de Infraestrutura.<\/p>\n<p>ENTENDA<\/p>\n<p>O caso aconteceu na noite do dia 2 de junho, onde a v\u00edtima, de 64 anos, pai de uma estudante, foi abordada no estacionamento da universidade por v\u00e1rios seguran\u00e7as, munidos de arma de fogo, e acusado de roubar o pr\u00f3prio ve\u00edculo. O equ\u00edvoco s\u00f3 foi reparado ap\u00f3s a chegada da filha. Ele tamb\u00e9m teria sido impedido de registrar a ocorr\u00eancia.<\/p>\n<p>De acordo com a nota da UFJF, a estudante e o pai tiveram acesso ao documento elaborado pelos seguran\u00e7as, que relatava o incidente. Tamb\u00e9m foi afirmado que ser\u00e1 criado um F\u00f3rum da Diversidade da UFJF como um espa\u00e7o de constru\u00e7\u00e3o e acompanhamento da Pol\u00edtica das A\u00e7\u00f5es Afirmativas, refor\u00e7ando o compromisso pela gest\u00e3o dos Direitos da Pessoa Humana.<\/p>\n<p>CAPACITA\u00c7\u00c3O<\/p>\n<p>Na manh\u00e3 dessa quinta-feira, 6, os seguran\u00e7as da UFJF participaram de palestras, abordando a representa\u00e7\u00e3o e a visibilidade das minorias ao longo da hist\u00f3ria da sociedade brasileira. A atividade faz parte de um ciclo da qualifica\u00e7\u00e3o de 20 horas, que ser\u00e1 dividida em dois m\u00f3dulos e \u00e9 organizada pelo Proades ligado \u00e0 Pr\u00f3-Reitoria de Gest\u00e3o de Pessoas (Progepe).<\/p>\n<p>MOBILIZA\u00c7\u00c3O<\/p>\n<p>H\u00e1 v\u00e1rios dias colendo assinaturas em busca de respostas para a ocorr\u00eancia, o Coletivo PretA\u00e7\u00e3o, composto por mulheres negras, tamb\u00e9m se mobiliza parceria com o Coletivo Descol\u00f4nia, procurando assist\u00eancia jur\u00eddica e psicol\u00f3gica para as v\u00edtimas. O grupo exige que o \u201crelato da viol\u00eancia seja levado ao F\u00f3rum de Seguran\u00e7a da Universidade que, conforme a resolu\u00e7\u00e3o 21\/2016, artigo 2\u00ba incisos II, III e IV, deve acompanhar permanentemente as condi\u00e7\u00f5es de seguran\u00e7a no campus levando em conta os depoimentos de membros da comunidade\u201d. Eles requerem ainda, a convoca\u00e7\u00e3o de \u201creuni\u00e3o extraordin\u00e1ria deliberativa do F\u00f3rum de Seguran\u00e7a da UFJF (artigo 4\u00ba, resolu\u00e7\u00e3o 21\/2016) para a constru\u00e7\u00e3o de pol\u00edticas de seguran\u00e7a institucional. em bases antirracistas e atentas para a diversidade sexual e de g\u00eanero, com a participa\u00e7\u00e3o de especialistas, movimentos sociais e comunidade\u201d.<\/p>\n<p>Por meio de uma carta aberta, o movimento convidou a comunidade acad\u00eamica da UFJF para cobrar a institui\u00e7\u00e3o sobre o posicionamento e a puni\u00e7\u00e3o dos respons\u00e1veis pela a\u00e7\u00e3o.<\/p>\n","protected":false},"excerpt":{"rendered":"<p>Mais de um m\u00eas ap\u00f3s o Coletivo Descol\u00f4nia, formado por artistas e alunos negros do Instituto de Artes e Design (IAD) da Universidade Federal de Juiz de Fora (UFJF), divulgar um caso de racismo institucional vivenciado pelo pai de uma jovem aluna no estacionamento da Universidade, a institui\u00e7\u00e3o divulgou, nessa quinta-feira, 6, uma nota de [&hellip;]<\/p>\n","protected":false},"author":96,"featured_media":0,"comment_status":"closed","ping_status":"closed","sticky":false,"template":"","format":"standard","meta":{"footnotes":""},"categories":[253],"tags":[],"class_list":["post-76778","post","type-post","status-publish","format-standard","hentry","category-cidade"],"_links":{"self":[{"href":"https:\/\/diarioregionaldigital.com.br\/index.php?rest_route=\/wp\/v2\/posts\/76778","targetHints":{"allow":["GET"]}}],"collection":[{"href":"https:\/\/diarioregionaldigital.com.br\/index.php?rest_route=\/wp\/v2\/posts"}],"about":[{"href":"https:\/\/diarioregionaldigital.com.br\/index.php?rest_route=\/wp\/v2\/types\/post"}],"author":[{"embeddable":true,"href":"https:\/\/diarioregionaldigital.com.br\/index.php?rest_route=\/wp\/v2\/users\/96"}],"replies":[{"embeddable":true,"href":"https:\/\/diarioregionaldigital.com.br\/index.php?rest_route=%2Fwp%2Fv2%2Fcomments&post=76778"}],"version-history":[{"count":0,"href":"https:\/\/diarioregionaldigital.com.br\/index.php?rest_route=\/wp\/v2\/posts\/76778\/revisions"}],"wp:attachment":[{"href":"https:\/\/diarioregionaldigital.com.br\/index.php?rest_route=%2Fwp%2Fv2%2Fmedia&parent=76778"}],"wp:term":[{"taxonomy":"category","embeddable":true,"href":"https:\/\/diarioregionaldigital.com.br\/index.php?rest_route=%2Fwp%2Fv2%2Fcategories&post=76778"},{"taxonomy":"post_tag","embeddable":true,"href":"https:\/\/diarioregionaldigital.com.br\/index.php?rest_route=%2Fwp%2Fv2%2Ftags&post=76778"}],"curies":[{"name":"wp","href":"https:\/\/api.w.org\/{rel}","templated":true}]}}