{"id":76777,"date":"2017-07-07T00:04:30","date_gmt":"2017-07-07T03:04:30","guid":{"rendered":"http:\/\/diarioregionaljf.com.br\/2017\/07\/07\/demanda-de-transito-na-andradas-e-discutida-em-audiencia\/"},"modified":"2017-07-07T00:04:30","modified_gmt":"2017-07-07T03:04:30","slug":"demanda-de-transito-na-andradas-e-discutida-em-audiencia","status":"publish","type":"post","link":"https:\/\/diarioregionaldigital.com.br\/?p=76777","title":{"rendered":"Demanda de tr\u00e2nsito na Andradas \u00e9 discutida em audi\u00eancia"},"content":{"rendered":"<p>Em Audi\u00eancia P\u00fablica, realizada na tarde dessa quinta-feira, 6, no plen\u00e1rio da C\u00e2mara Municipal, a popula\u00e7\u00e3o se reuniu com autoridades e membros da Secretaria de Transporte e Tr\u00e2nsito (Settra) para debater quest\u00f5es de infraestrutura e encontrar solu\u00e7\u00f5es para desafogar o tr\u00e1fego de ve\u00edculos no corredor vi\u00e1rio que integra a Rua Bernardo Mascarenhas e a Avenida dos Andradas.<\/p>\n<p>O vereador Wanderson Castelar (PT), solicitante do encontro, comentou que esta \u00e9 a quarta reuni\u00e3o para discutir os problemas na via. O intuito \u00e9 pressionar e sensibilizar as autoridades. \u201cAs pessoas que utilizam aquele trecho sabem a hora de sair de casa, mas n\u00e3o sabem quando ir\u00e3o voltar. \u00c9 uma situa\u00e7\u00e3o que perdura h\u00e1 d\u00e9cadas e, com o passar do tempo, o problema foi se agravando e n\u00e3o foi tra\u00e7ado um plano para resolver&#8221;, afirma, ressaltando o sucesso de interven\u00e7\u00f5es feitas em outras regi\u00f5es da cidade.<\/p>\n<p>A grande concentra\u00e7\u00e3o de bairros em volta das vias, aliado ao aumento na frota de ve\u00edculos, causa impactos na regi\u00e3o. Al\u00e9m do mais, o n\u00famero de escolas, estruturas imobili\u00e1rias e a falta de planejamento para a via, agravam ainda mais o problema, gerando grandes engarrafamentos e inviabilizando o tr\u00e2nsito.<br \/>Representantes da sociedade civil apresentaram reivindica\u00e7\u00f5es e cobraram solu\u00e7\u00f5es para os problemas da via. \u201cEstamos diante de uma situa\u00e7\u00e3o que se reflete por toda a cidade. Temos uma estrutura que \u00e9 a mesma h\u00e1 mais de 30 anos, que comporta faculdades, escolas, complexos imobili\u00e1rios, e ningu\u00e9m se preparou para recebimento dessas constru\u00e7\u00f5es. Sentimos a falta de maior planejamento, de um plano de estrutura\u00e7\u00e3o para o munic\u00edpio\u201d, refor\u00e7ou a presidente da Associa\u00e7\u00e3o dos Moradores do Bairro Santa Terezinha, regi\u00e3o Nordeste, Nilza Gaudereto.<\/p>\n<p>PROJETOS E RECURSOS<\/p>\n<p>Os recursos para financiamento das obras de melhoria da via s\u00e3o provenientes de um conv\u00eanio com o Minist\u00e9rio do Transporte, por meio do Departamento Nacional de Infraestrutura do Transporte (Dnit) e prev\u00ea a disponibilidade de mais de R$60 milh\u00f5es. A verba \u00e9 destinada para mudan\u00e7as na Avenida e para a constru\u00e7\u00e3o de uma ponte e de um viaduto, na altura do Bairro Barbosa Lage, zona Norte. Tamb\u00e9m ser\u00e3o constru\u00eddas duas trincheiras na altura da Rua Benjamin Constant. No entanto, n\u00e3o h\u00e1 previs\u00e3o de quando o recurso ser\u00e1 aplicado.<\/p>\n<p>Tortoriello acrescentou que a PJF trabalha em parceria com a MRS, estudando um projeto de circula\u00e7\u00e3o vi\u00e1ria que vai do trecho do Bairro Mariano Proc\u00f3pio at\u00e9 a Rodovi\u00e1ria. \u201cO que temos de concreto e que pode nos ajudar \u00e9 um estudo de circula\u00e7\u00e3o vi\u00e1ria no local. Estamos observando a adequa\u00e7\u00e3o do futuro viaduto para desafogar a regi\u00e3o. Ainda assim, dependemos dos recursos do Governo para custeio da obra\u201d, finalizou.<\/p>\n","protected":false},"excerpt":{"rendered":"<p>Em Audi\u00eancia P\u00fablica, realizada na tarde dessa quinta-feira, 6, no plen\u00e1rio da C\u00e2mara Municipal, a popula\u00e7\u00e3o se reuniu com autoridades e membros da Secretaria de Transporte e Tr\u00e2nsito (Settra) para debater quest\u00f5es de infraestrutura e encontrar solu\u00e7\u00f5es para desafogar o tr\u00e1fego de ve\u00edculos no corredor vi\u00e1rio que integra a Rua Bernardo Mascarenhas e a Avenida [&hellip;]<\/p>\n","protected":false},"author":96,"featured_media":0,"comment_status":"closed","ping_status":"closed","sticky":false,"template":"","format":"standard","meta":{"footnotes":""},"categories":[253],"tags":[],"class_list":["post-76777","post","type-post","status-publish","format-standard","hentry","category-cidade"],"_links":{"self":[{"href":"https:\/\/diarioregionaldigital.com.br\/index.php?rest_route=\/wp\/v2\/posts\/76777","targetHints":{"allow":["GET"]}}],"collection":[{"href":"https:\/\/diarioregionaldigital.com.br\/index.php?rest_route=\/wp\/v2\/posts"}],"about":[{"href":"https:\/\/diarioregionaldigital.com.br\/index.php?rest_route=\/wp\/v2\/types\/post"}],"author":[{"embeddable":true,"href":"https:\/\/diarioregionaldigital.com.br\/index.php?rest_route=\/wp\/v2\/users\/96"}],"replies":[{"embeddable":true,"href":"https:\/\/diarioregionaldigital.com.br\/index.php?rest_route=%2Fwp%2Fv2%2Fcomments&post=76777"}],"version-history":[{"count":0,"href":"https:\/\/diarioregionaldigital.com.br\/index.php?rest_route=\/wp\/v2\/posts\/76777\/revisions"}],"wp:attachment":[{"href":"https:\/\/diarioregionaldigital.com.br\/index.php?rest_route=%2Fwp%2Fv2%2Fmedia&parent=76777"}],"wp:term":[{"taxonomy":"category","embeddable":true,"href":"https:\/\/diarioregionaldigital.com.br\/index.php?rest_route=%2Fwp%2Fv2%2Fcategories&post=76777"},{"taxonomy":"post_tag","embeddable":true,"href":"https:\/\/diarioregionaldigital.com.br\/index.php?rest_route=%2Fwp%2Fv2%2Ftags&post=76777"}],"curies":[{"name":"wp","href":"https:\/\/api.w.org\/{rel}","templated":true}]}}