{"id":76776,"date":"2017-07-07T00:00:13","date_gmt":"2017-07-07T03:00:13","guid":{"rendered":"http:\/\/diarioregionaljf.com.br\/2017\/07\/07\/feira-ao-lado-do-central-pode-reunir-moda-pintura-decoracao-e-musica\/"},"modified":"2017-07-07T00:00:13","modified_gmt":"2017-07-07T03:00:13","slug":"feira-ao-lado-do-central-pode-reunir-moda-pintura-decoracao-e-musica","status":"publish","type":"post","link":"https:\/\/diarioregionaldigital.com.br\/?p=76776","title":{"rendered":"Feira ao lado do Central pode reunir moda, pintura, decora\u00e7\u00e3o e m\u00fasica"},"content":{"rendered":"<p>O espa\u00e7o localizado ao lado esquerdo do Cine-Theatro Central poder\u00e1 se transformar, a m\u00e9dio prazo, em um palco para uma feira de empreendedores artes\u00e3os, que poder\u00e3o, com suas cria\u00e7\u00f5es, revitalizar o espa\u00e7o. A iniciativa \u00e9 da Associa\u00e7\u00e3o de Artes\u00e3os do Bairro S\u00e3o Mateus, que apresentou, no in\u00edcio da semana, a proposta de readequa\u00e7\u00e3o do local \u00e0 Comiss\u00e3o Permanente de Abastecimento, Ind\u00fastria, Com\u00e9rcio, Agropecu\u00e1ria e Defesa do Consumidor, liderada pelos vereadores Charlles Evangelista (PP), Jo\u00e3o Kennedy Ribeiro (PMDB), Marlon Siqueira (PMDB) e Vagner de Oliveira (PSC). A proposta prev\u00ea que a feira seja realizada uma vez por semana.<\/p>\n<p>Na ter\u00e7a-feira, 11, ser\u00e1 realizada uma reuni\u00e3o entre os vereadores e o Secret\u00e1rio de Atividades Urbanas, Eduardo Facio, para que o mesmo aprecie a proposta, j\u00e1 endossada pela Comiss\u00e3o. \u201cA reuni\u00e3o deve contar com a presen\u00e7a de um representante da UFJF, propriet\u00e1ria e gestora do Central. Vamos debater sobre os benef\u00edcios do projeto para o Munic\u00edpio. A Prefeitura n\u00e3o ter\u00e1 custos para implanta\u00e7\u00e3o da proposta, pois os produtores disp\u00f5em de toda a estrutura necess\u00e1ria\u201d, avalia o vereador Charlles Evangelista.<\/p>\n<p>O vereador ressaltou, ainda, que est\u00e1 tramitando um projeto de lei, de autoria da Comiss\u00e3o, que prev\u00ea a oficializa\u00e7\u00e3o da Semana do Empreendedor, sempre no m\u00eas de outubro, integrando o calend\u00e1rio de atividades de Juiz de Fora. \u201cEstamos trabalhando em conjunto com as comiss\u00f5es de finan\u00e7as e educa\u00e7\u00e3o para garantir celeridade ao processo e parecer do Executivo. Tamb\u00e9m fecharemos uma parceria com o Sebrae para execu\u00e7\u00e3o das atividades\u201d, complementou.<\/p>\n<h4>FEIRA \u00c9 ARTE<\/h4>\n<p>A Associa\u00e7\u00e3o de Artes\u00e3os do Bairro S\u00e3o Mateus conta, atualmente, com 39 empreendedores associados, sendo um deles da cidade de Bicas. Segundo Nelson J\u00fanior, diretor financeiro volunt\u00e1rio da organiza\u00e7\u00e3o, a inten\u00e7\u00e3o da proposta \u00e9 dar n\u00e3o apenas visibilidade aos artistas, mas mudar a mentalidade das pessoas em rela\u00e7\u00e3o aos trabalhos desenvolvidos neste segmento. \u201cO tipo de feira que estamos propondo n\u00e3o se restringe ao pano de prato. As roupas, acess\u00f3rios e itens de decora\u00e7\u00e3o, por exemplo, ser\u00e3o pe\u00e7as estilizadas, com um conceito; uma cria\u00e7\u00e3o\u201d, explica Nelson.<\/p>\n<p>Para al\u00e9m da comercializa\u00e7\u00e3o de produtos, o diretor da associa\u00e7\u00e3o j\u00e1 est\u00e1 em negocia\u00e7\u00e3o com Instituto de Artes e Design (IAD) da UFJF para emplacar novas possibilidades. \u201cQueremos separar um espa\u00e7o na feira para que os acad\u00eamicos do IAD possam expor suas cria\u00e7\u00f5es. Nesse sentido, poderemos ter ali poesia, fotografia, telas de pintura e escultura. Vale dizer que ser\u00e1 uma \u00f3tima oportunidade de interc\u00e2mbio entre os acad\u00eamicos e os artes\u00e3os\u201d, explica.<\/p>\n<p>Nelson J\u00fanior ressaltou tamb\u00e9m a inten\u00e7\u00e3o de convidar m\u00fasicos para se apresentarem durante a feira. Uma das primeiras ideias \u00e9 chamar Caetano Brasil, que, com um di\u00e1logo entre o choro e o jazz, lan\u00e7ou seu primeiro CD em 2015, financiado pela Lei Murilo Mendes de Incentivo \u00e0 Cultura. \u201cH\u00e1 muito trabalho de qualidade sendo feito na cidade, em v\u00e1rios segmentos art\u00edsticos. Outro exemplo \u00e9 o artista pl\u00e1stico Paulo Talarico com suas pinturas e caricaturas. J\u00e1 imagino ele ali, com o cavalete e pincel na m\u00e3o\u201d, destaca.<\/p>\n","protected":false},"excerpt":{"rendered":"<p>O espa\u00e7o localizado ao lado esquerdo do Cine-Theatro Central poder\u00e1 se transformar, a m\u00e9dio prazo, em um palco para uma feira de empreendedores artes\u00e3os, que poder\u00e3o, com suas cria\u00e7\u00f5es, revitalizar o espa\u00e7o. A iniciativa \u00e9 da Associa\u00e7\u00e3o de Artes\u00e3os do Bairro S\u00e3o Mateus, que apresentou, no in\u00edcio da semana, a proposta de readequa\u00e7\u00e3o do local [&hellip;]<\/p>\n","protected":false},"author":96,"featured_media":76775,"comment_status":"closed","ping_status":"closed","sticky":false,"template":"","format":"standard","meta":{"footnotes":""},"categories":[253],"tags":[],"class_list":["post-76776","post","type-post","status-publish","format-standard","has-post-thumbnail","hentry","category-cidade"],"_links":{"self":[{"href":"https:\/\/diarioregionaldigital.com.br\/index.php?rest_route=\/wp\/v2\/posts\/76776","targetHints":{"allow":["GET"]}}],"collection":[{"href":"https:\/\/diarioregionaldigital.com.br\/index.php?rest_route=\/wp\/v2\/posts"}],"about":[{"href":"https:\/\/diarioregionaldigital.com.br\/index.php?rest_route=\/wp\/v2\/types\/post"}],"author":[{"embeddable":true,"href":"https:\/\/diarioregionaldigital.com.br\/index.php?rest_route=\/wp\/v2\/users\/96"}],"replies":[{"embeddable":true,"href":"https:\/\/diarioregionaldigital.com.br\/index.php?rest_route=%2Fwp%2Fv2%2Fcomments&post=76776"}],"version-history":[{"count":0,"href":"https:\/\/diarioregionaldigital.com.br\/index.php?rest_route=\/wp\/v2\/posts\/76776\/revisions"}],"wp:featuredmedia":[{"embeddable":true,"href":"https:\/\/diarioregionaldigital.com.br\/index.php?rest_route=\/wp\/v2\/media\/76775"}],"wp:attachment":[{"href":"https:\/\/diarioregionaldigital.com.br\/index.php?rest_route=%2Fwp%2Fv2%2Fmedia&parent=76776"}],"wp:term":[{"taxonomy":"category","embeddable":true,"href":"https:\/\/diarioregionaldigital.com.br\/index.php?rest_route=%2Fwp%2Fv2%2Fcategories&post=76776"},{"taxonomy":"post_tag","embeddable":true,"href":"https:\/\/diarioregionaldigital.com.br\/index.php?rest_route=%2Fwp%2Fv2%2Ftags&post=76776"}],"curies":[{"name":"wp","href":"https:\/\/api.w.org\/{rel}","templated":true}]}}