{"id":76766,"date":"2017-07-06T22:36:15","date_gmt":"2017-07-07T01:36:15","guid":{"rendered":"http:\/\/diarioregionaljf.com.br\/2017\/07\/06\/empresas-familiares-sao-maioria-entre-os-pequenos-negocios-em-minas-gerais\/"},"modified":"2017-07-06T22:36:15","modified_gmt":"2017-07-07T01:36:15","slug":"empresas-familiares-sao-maioria-entre-os-pequenos-negocios-em-minas-gerais","status":"publish","type":"post","link":"https:\/\/diarioregionaldigital.com.br\/?p=76766","title":{"rendered":"Empresas familiares s\u00e3o maioria entre os pequenos neg\u00f3cios em Minas Gerais"},"content":{"rendered":"<p>Mais de um ter\u00e7o dos pequenos neg\u00f3cios em Minas Gerais tem familiares como s\u00f3cios ou empregados. \u00c9 o que mostra uma pesquisa realizada pelo Sebrae em n\u00edvel nacional, entre outubro e novembro de 2016. Segundo o estudo, 36% dos pequenos neg\u00f3cios brasileiros podem ser consideradas familiares.<\/p>\n<p>As empresas de pequeno porte (EPP) s\u00e3o as que concentram a maior propor\u00e7\u00e3o (59%) de parentes em seus quadros funcionais. Entre as microempresas (ME), 52% s\u00e3o familiares e os MEI re\u00fanem 25% de empreendimentos com essas caracter\u00edsticas.<\/p>\n<p>A pesquisa Empresas Familiares foi feita com uma amostra de 6.617 entrevistados em todo o pa\u00eds. Minas Gerais \u00e9 o segundo estado com o maior n\u00famero de empresas pesquisadas, 382, atr\u00e1s apenas de S\u00e3o Paulo, com 385.<\/p>\n<h4>O UNIVERSO DOS PEQUENOS NEG\u00d3CIOS<\/h4>\n<p>As Micro e Pequenas Empresas (MPE) representam 99% dos neg\u00f3cios formais constitu\u00eddos no Brasil. S\u00e3o mais de 6,8 milh\u00f5es de empresas nessa categoria. Somadas aos Microempreendedores Individuais (MEI), o universo dos pequenos neg\u00f3cios ultrapassa 12,4 milh\u00f5es de empreendimentos. Cerca de 16% desse contingente est\u00e1 em Minas Gerais.<\/p>\n<h4>EMPRESAS FAMILIARES<\/h4>\n<p>O conceito de empresa familiar \u00e9 abrangente. Na literatura h\u00e1 v\u00e1rias defini\u00e7\u00f5es sobre a respeito. Apesar disso, \u00e9 consenso que as empresas familiares s\u00e3o maioria entre os neg\u00f3cios formalmente constitu\u00eddos.<\/p>\n<p>\u2022 Est\u00e1 sob o controle do empres\u00e1rio que a criou;<br \/>\u2022 Tem sua origem vinculada a uma fam\u00edlia;<br \/>\u2022 Mant\u00e9m membros da fam\u00edlia na administra\u00e7\u00e3o dos neg\u00f3cios;<br \/>\u2022 Apresenta estreita rela\u00e7\u00e3o entre propriedade e controle;<br \/>\u2022 A propriedade \u00e9 exercida por uma (ou por mais de uma) fam\u00edlia;<br \/>\u2022 Passa por processo sucess\u00f3rio familiar (entre gera\u00e7\u00f5es);<\/p>\n<p>Fonte: Assessoria<\/p>\n","protected":false},"excerpt":{"rendered":"<p>Mais de um ter\u00e7o dos pequenos neg\u00f3cios em Minas Gerais tem familiares como s\u00f3cios ou empregados. \u00c9 o que mostra uma pesquisa realizada pelo Sebrae em n\u00edvel nacional, entre outubro e novembro de 2016. Segundo o estudo, 36% dos pequenos neg\u00f3cios brasileiros podem ser consideradas familiares. As empresas de pequeno porte (EPP) s\u00e3o as que [&hellip;]<\/p>\n","protected":false},"author":96,"featured_media":76765,"comment_status":"closed","ping_status":"closed","sticky":false,"template":"","format":"standard","meta":{"footnotes":""},"categories":[261],"tags":[],"class_list":["post-76766","post","type-post","status-publish","format-standard","has-post-thumbnail","hentry","category-economia"],"_links":{"self":[{"href":"https:\/\/diarioregionaldigital.com.br\/index.php?rest_route=\/wp\/v2\/posts\/76766","targetHints":{"allow":["GET"]}}],"collection":[{"href":"https:\/\/diarioregionaldigital.com.br\/index.php?rest_route=\/wp\/v2\/posts"}],"about":[{"href":"https:\/\/diarioregionaldigital.com.br\/index.php?rest_route=\/wp\/v2\/types\/post"}],"author":[{"embeddable":true,"href":"https:\/\/diarioregionaldigital.com.br\/index.php?rest_route=\/wp\/v2\/users\/96"}],"replies":[{"embeddable":true,"href":"https:\/\/diarioregionaldigital.com.br\/index.php?rest_route=%2Fwp%2Fv2%2Fcomments&post=76766"}],"version-history":[{"count":0,"href":"https:\/\/diarioregionaldigital.com.br\/index.php?rest_route=\/wp\/v2\/posts\/76766\/revisions"}],"wp:featuredmedia":[{"embeddable":true,"href":"https:\/\/diarioregionaldigital.com.br\/index.php?rest_route=\/wp\/v2\/media\/76765"}],"wp:attachment":[{"href":"https:\/\/diarioregionaldigital.com.br\/index.php?rest_route=%2Fwp%2Fv2%2Fmedia&parent=76766"}],"wp:term":[{"taxonomy":"category","embeddable":true,"href":"https:\/\/diarioregionaldigital.com.br\/index.php?rest_route=%2Fwp%2Fv2%2Fcategories&post=76766"},{"taxonomy":"post_tag","embeddable":true,"href":"https:\/\/diarioregionaldigital.com.br\/index.php?rest_route=%2Fwp%2Fv2%2Ftags&post=76766"}],"curies":[{"name":"wp","href":"https:\/\/api.w.org\/{rel}","templated":true}]}}