{"id":76764,"date":"2017-07-06T22:30:44","date_gmt":"2017-07-07T01:30:44","guid":{"rendered":"http:\/\/diarioregionaljf.com.br\/2017\/07\/06\/ministro-da-fazenda-acredita-que-economia-deve-crescer-0-5-este-ano\/"},"modified":"2017-07-06T22:30:44","modified_gmt":"2017-07-07T01:30:44","slug":"ministro-da-fazenda-acredita-que-economia-deve-crescer-0-5-este-ano","status":"publish","type":"post","link":"https:\/\/diarioregionaldigital.com.br\/?p=76764","title":{"rendered":"Ministro da Fazenda acredita que economia deve crescer 0,5% este ano"},"content":{"rendered":"<p>O ministro da Fazenda, Henrique Meirelles, disse que mant\u00e9m a previs\u00e3o para o crescimento da economia este ano em 0,5%. Ele conversou com a imprensa na quinta-feira, 6, ao chegar a um hotel em Hamburgo, na Alemanha, onde participa da reuni\u00e3o do G20.<\/p>\n<p>No \u00faltimo dia 28, Meirelles afirmou que o Produto Interno Bruto (PIB) do pa\u00eds dever\u00e1 crescer em 2017 menos que o previsto pelo governo \u2013 a previs\u00e3o oficial \u00e9 de eleva\u00e7\u00e3o de 0,5%. Ele classificou a altera\u00e7\u00e3o da previs\u00e3o como \u201cmoderada\u201d e disse que o governo iria divulgar oficialmente, nos pr\u00f3ximos dias, a nova estimativa.<\/p>\n<p>Segundo Meirelles, a previs\u00e3o para o crescimento do PIB no \u00faltimo trimestre do ano, comparado a igual per\u00edodo de 2016, \u00e9 2%. Questionado se houve redu\u00e7\u00e3o nessa estimativa, o ministro disse que ainda est\u00e1 \u201cdentro de uma faixa entre 2% e 2,7%\u201d.<\/p>\n<p>Meirelles destacou ainda a queda da infla\u00e7\u00e3o e dos juros. \u201cEm resumo, [o pa\u00eds est\u00e1 em] uma trajet\u00f3ria positiva, virtuosa: infla\u00e7\u00e3o caindo, juros caindo e a economia crescendo. Est\u00e1 bom, n\u00e3o \u00e9?\u201d.<\/p>\n<p>A uma pergunta se a economia est\u00e1 descolada da crise pol\u00edtica, o ministro respondeu que a economia brasileira sempre reagiu \u00e0 pol\u00edtica econ\u00f4mica. Para ele, na medida em que existe uma confian\u00e7a de que a atual pol\u00edtica econ\u00f4mica dever\u00e1 ser mantida, isso d\u00e1 muita seguran\u00e7a aos agentes econ\u00f4micos. &#8220;N\u00e3o se espera uma revers\u00e3o de pol\u00edtica econ\u00f4mica\u201d, afirmou.<\/p>\n<p>Fonte: Ag\u00eancia Brasil<\/p>\n","protected":false},"excerpt":{"rendered":"<p>O ministro da Fazenda, Henrique Meirelles, disse que mant\u00e9m a previs\u00e3o para o crescimento da economia este ano em 0,5%. Ele conversou com a imprensa na quinta-feira, 6, ao chegar a um hotel em Hamburgo, na Alemanha, onde participa da reuni\u00e3o do G20. No \u00faltimo dia 28, Meirelles afirmou que o Produto Interno Bruto (PIB) [&hellip;]<\/p>\n","protected":false},"author":96,"featured_media":76763,"comment_status":"closed","ping_status":"closed","sticky":false,"template":"","format":"standard","meta":{"footnotes":""},"categories":[261],"tags":[],"class_list":["post-76764","post","type-post","status-publish","format-standard","has-post-thumbnail","hentry","category-economia"],"_links":{"self":[{"href":"https:\/\/diarioregionaldigital.com.br\/index.php?rest_route=\/wp\/v2\/posts\/76764","targetHints":{"allow":["GET"]}}],"collection":[{"href":"https:\/\/diarioregionaldigital.com.br\/index.php?rest_route=\/wp\/v2\/posts"}],"about":[{"href":"https:\/\/diarioregionaldigital.com.br\/index.php?rest_route=\/wp\/v2\/types\/post"}],"author":[{"embeddable":true,"href":"https:\/\/diarioregionaldigital.com.br\/index.php?rest_route=\/wp\/v2\/users\/96"}],"replies":[{"embeddable":true,"href":"https:\/\/diarioregionaldigital.com.br\/index.php?rest_route=%2Fwp%2Fv2%2Fcomments&post=76764"}],"version-history":[{"count":0,"href":"https:\/\/diarioregionaldigital.com.br\/index.php?rest_route=\/wp\/v2\/posts\/76764\/revisions"}],"wp:featuredmedia":[{"embeddable":true,"href":"https:\/\/diarioregionaldigital.com.br\/index.php?rest_route=\/wp\/v2\/media\/76763"}],"wp:attachment":[{"href":"https:\/\/diarioregionaldigital.com.br\/index.php?rest_route=%2Fwp%2Fv2%2Fmedia&parent=76764"}],"wp:term":[{"taxonomy":"category","embeddable":true,"href":"https:\/\/diarioregionaldigital.com.br\/index.php?rest_route=%2Fwp%2Fv2%2Fcategories&post=76764"},{"taxonomy":"post_tag","embeddable":true,"href":"https:\/\/diarioregionaldigital.com.br\/index.php?rest_route=%2Fwp%2Fv2%2Ftags&post=76764"}],"curies":[{"name":"wp","href":"https:\/\/api.w.org\/{rel}","templated":true}]}}