{"id":76762,"date":"2017-07-06T22:27:58","date_gmt":"2017-07-07T01:27:58","guid":{"rendered":"http:\/\/diarioregionaljf.com.br\/2017\/07\/06\/temperaturas-aumentam-mas-sensacao-de-frio-permanece-neste-fim-de-semana\/"},"modified":"2017-07-06T22:27:58","modified_gmt":"2017-07-07T01:27:58","slug":"temperaturas-aumentam-mas-sensacao-de-frio-permanece-neste-fim-de-semana","status":"publish","type":"post","link":"https:\/\/diarioregionaldigital.com.br\/?p=76762","title":{"rendered":"Temperaturas aumentam, mas sensa\u00e7\u00e3o de frio permanece neste fim de semana"},"content":{"rendered":"<p>O frio deve diminuir aos poucos em Juiz de Fora e regi\u00e3o durante o fim de semana, segundo informa\u00e7\u00f5es do meteorologista Luis Ladeia, do 5\u00ba Distrito de Meteorologia (Inmet). Essa diminui\u00e7\u00e3o acontecer\u00e1 devido a forte massa de ar polar que est\u00e1 deixando a regi\u00e3o. Ladeia explicou que a massa de ar polar ganhou mais for\u00e7a esse ano por n\u00e3o ter sido controlada pelo El Ni\u00f1o, fen\u00f4meno atmosf\u00e9rico-oce\u00e2nico caracterizado por um aquecimento anormal das \u00e1guas superficiais no Oceano Pac\u00edfico.<\/p>\n<p>Na ter\u00e7a-feira, 4, a cidade registrou a menor temperatura do ano quando os term\u00f4metros marcaram 8,7\u00b0C.<\/p>\n<h4>TEMPO NO FIM DE SEMANA<\/h4>\n<p>A previs\u00e3o para esta sexta-feira, 7, \u00e9 de c\u00e9u nublado a parcialmente nublado, com possibilidades de chuviscos, o que faz com que a sensa\u00e7\u00e3o t\u00e9rmica de frio continue. No s\u00e1bado, 8, e domingo, 9, o c\u00e9u fica nublado a parcialmente nublado. As temperaturas variam entre 12\u00b0C e 20\u00b0C durante todo o fim de semana. A umidade do ar vai variar entre 40% e 65%.<\/p>\n","protected":false},"excerpt":{"rendered":"<p>O frio deve diminuir aos poucos em Juiz de Fora e regi\u00e3o durante o fim de semana, segundo informa\u00e7\u00f5es do meteorologista Luis Ladeia, do 5\u00ba Distrito de Meteorologia (Inmet). Essa diminui\u00e7\u00e3o acontecer\u00e1 devido a forte massa de ar polar que est\u00e1 deixando a regi\u00e3o. Ladeia explicou que a massa de ar polar ganhou mais for\u00e7a [&hellip;]<\/p>\n","protected":false},"author":96,"featured_media":76761,"comment_status":"closed","ping_status":"closed","sticky":false,"template":"","format":"standard","meta":{"footnotes":""},"categories":[253],"tags":[],"class_list":["post-76762","post","type-post","status-publish","format-standard","has-post-thumbnail","hentry","category-cidade"],"_links":{"self":[{"href":"https:\/\/diarioregionaldigital.com.br\/index.php?rest_route=\/wp\/v2\/posts\/76762","targetHints":{"allow":["GET"]}}],"collection":[{"href":"https:\/\/diarioregionaldigital.com.br\/index.php?rest_route=\/wp\/v2\/posts"}],"about":[{"href":"https:\/\/diarioregionaldigital.com.br\/index.php?rest_route=\/wp\/v2\/types\/post"}],"author":[{"embeddable":true,"href":"https:\/\/diarioregionaldigital.com.br\/index.php?rest_route=\/wp\/v2\/users\/96"}],"replies":[{"embeddable":true,"href":"https:\/\/diarioregionaldigital.com.br\/index.php?rest_route=%2Fwp%2Fv2%2Fcomments&post=76762"}],"version-history":[{"count":0,"href":"https:\/\/diarioregionaldigital.com.br\/index.php?rest_route=\/wp\/v2\/posts\/76762\/revisions"}],"wp:featuredmedia":[{"embeddable":true,"href":"https:\/\/diarioregionaldigital.com.br\/index.php?rest_route=\/wp\/v2\/media\/76761"}],"wp:attachment":[{"href":"https:\/\/diarioregionaldigital.com.br\/index.php?rest_route=%2Fwp%2Fv2%2Fmedia&parent=76762"}],"wp:term":[{"taxonomy":"category","embeddable":true,"href":"https:\/\/diarioregionaldigital.com.br\/index.php?rest_route=%2Fwp%2Fv2%2Fcategories&post=76762"},{"taxonomy":"post_tag","embeddable":true,"href":"https:\/\/diarioregionaldigital.com.br\/index.php?rest_route=%2Fwp%2Fv2%2Ftags&post=76762"}],"curies":[{"name":"wp","href":"https:\/\/api.w.org\/{rel}","templated":true}]}}