{"id":76760,"date":"2017-07-06T22:24:16","date_gmt":"2017-07-07T01:24:16","guid":{"rendered":"http:\/\/diarioregionaljf.com.br\/2017\/07\/06\/dupla-e-presa-por-latrocinio-em-cataguases\/"},"modified":"2017-07-06T22:24:16","modified_gmt":"2017-07-07T01:24:16","slug":"dupla-e-presa-por-latrocinio-em-cataguases","status":"publish","type":"post","link":"https:\/\/diarioregionaldigital.com.br\/?p=76760","title":{"rendered":"Dupla \u00e9 presa por latroc\u00ednio em Cataguases"},"content":{"rendered":"<p>Ap\u00f3s dois meses de investiga\u00e7\u00f5es, a Pol\u00edcia Civil de Minas Gerais (PCMG) prendeu, nesta quinta-feira, 6, dois homens, de 23 e 40 anos, suspeitos de um latroc\u00ednio ocorrido no dia 07 de mar\u00e7o deste ano. A v\u00edtima foi morta com golpes de enxada no rosto.<\/p>\n<p>Segundo o Delegado Diego Mattos de Vilhena, que conduz as investiga\u00e7\u00f5es, a motiva\u00e7\u00e3o do crime seria uma quantia de dinheiro que a v\u00edtima mantinha guardada em sua resid\u00eancia. O dinheiro seria proveniente de um empr\u00e9stimo banc\u00e1rio.<\/p>\n<p>Al\u00e9m dos dois suspeitos, presos preventivamente, a PCMG j\u00e1 representou pela pris\u00e3o preventiva de um terceiro indiv\u00edduo, que tamb\u00e9m teve participa\u00e7\u00e3o no crime, mas at\u00e9 o momento n\u00e3o foi localizado. As investiga\u00e7\u00f5es prosseguem.<\/p>\n<p>Fonte: Assessoria<\/p>\n","protected":false},"excerpt":{"rendered":"<p>Ap\u00f3s dois meses de investiga\u00e7\u00f5es, a Pol\u00edcia Civil de Minas Gerais (PCMG) prendeu, nesta quinta-feira, 6, dois homens, de 23 e 40 anos, suspeitos de um latroc\u00ednio ocorrido no dia 07 de mar\u00e7o deste ano. A v\u00edtima foi morta com golpes de enxada no rosto. Segundo o Delegado Diego Mattos de Vilhena, que conduz as [&hellip;]<\/p>\n","protected":false},"author":96,"featured_media":76759,"comment_status":"closed","ping_status":"closed","sticky":false,"template":"","format":"standard","meta":{"footnotes":""},"categories":[252],"tags":[],"class_list":["post-76760","post","type-post","status-publish","format-standard","has-post-thumbnail","hentry","category-regiao"],"_links":{"self":[{"href":"https:\/\/diarioregionaldigital.com.br\/index.php?rest_route=\/wp\/v2\/posts\/76760","targetHints":{"allow":["GET"]}}],"collection":[{"href":"https:\/\/diarioregionaldigital.com.br\/index.php?rest_route=\/wp\/v2\/posts"}],"about":[{"href":"https:\/\/diarioregionaldigital.com.br\/index.php?rest_route=\/wp\/v2\/types\/post"}],"author":[{"embeddable":true,"href":"https:\/\/diarioregionaldigital.com.br\/index.php?rest_route=\/wp\/v2\/users\/96"}],"replies":[{"embeddable":true,"href":"https:\/\/diarioregionaldigital.com.br\/index.php?rest_route=%2Fwp%2Fv2%2Fcomments&post=76760"}],"version-history":[{"count":0,"href":"https:\/\/diarioregionaldigital.com.br\/index.php?rest_route=\/wp\/v2\/posts\/76760\/revisions"}],"wp:featuredmedia":[{"embeddable":true,"href":"https:\/\/diarioregionaldigital.com.br\/index.php?rest_route=\/wp\/v2\/media\/76759"}],"wp:attachment":[{"href":"https:\/\/diarioregionaldigital.com.br\/index.php?rest_route=%2Fwp%2Fv2%2Fmedia&parent=76760"}],"wp:term":[{"taxonomy":"category","embeddable":true,"href":"https:\/\/diarioregionaldigital.com.br\/index.php?rest_route=%2Fwp%2Fv2%2Fcategories&post=76760"},{"taxonomy":"post_tag","embeddable":true,"href":"https:\/\/diarioregionaldigital.com.br\/index.php?rest_route=%2Fwp%2Fv2%2Ftags&post=76760"}],"curies":[{"name":"wp","href":"https:\/\/api.w.org\/{rel}","templated":true}]}}