{"id":76534,"date":"2017-07-03T23:22:19","date_gmt":"2017-07-04T02:22:19","guid":{"rendered":"http:\/\/diarioregionaljf.com.br\/2017\/07\/03\/centro-de-ciencias-e-inaugurado-na-ufjf\/"},"modified":"2017-07-03T23:22:19","modified_gmt":"2017-07-04T02:22:19","slug":"centro-de-ciencias-e-inaugurado-na-ufjf","status":"publish","type":"post","link":"https:\/\/diarioregionaldigital.com.br\/?p=76534","title":{"rendered":"Centro de Ci\u00eancias \u00e9 inaugurado na UFJF"},"content":{"rendered":"<p>Compartilhar o conhecimento de uma forma l\u00fadica e interativa com a comunidade. Este \u00e9 o objetivo de uma das maiores e mais complexas estruturas de divulga\u00e7\u00e3o cient\u00edfica do pa\u00eds, o Centro de Ci\u00eancias da Universidade Federal de Juiz de Fora (UFJF), inaugurado na noite dessa segunda-feira, 3.<\/p>\n<p>\u201cNossa proposta \u00e9 apresentar exposi\u00e7\u00f5es, onde o conhecimento cientifico \u00e9 repassado de maneira leve e participativa, desvendando o conceito de que a ci\u00eancia \u00e9 dif\u00edcil e inacess\u00edvel. Com isso, as pessoas poder\u00e3o tocas nas coisas e entender que esse conhecimento, mesmo que seja produzido em campo acad\u00eamico, pertence a todos\u201d, explicou o diretor do Centro de Ci\u00eancias, Eloi Teixeira.<\/p>\n<p>S\u00e3o tr\u00eas mil metros quadrados distribu\u00eddos em quatro andares, que englobam tr\u00eas audit\u00f3rios, quatro laborat\u00f3rios de ci\u00eancias, dois sal\u00f5es de exposi\u00e7\u00f5es e sala de inform\u00e1tica. O Centro tem capacidade para receber mais de 700 pessoas. \u201cEstamos inaugurando uma estrutura tr\u00eas vezes maior do que t\u00ednhamos, com muito mais possibilidades. Ela possibilitar\u00e1 a realiza\u00e7\u00e3o de eventos cient\u00edficos e de outras naturezas da Universidade\u201d, refor\u00e7ou o diretor.<\/p>\n<h4>EXPOSI\u00c7\u00d5ES E OBSERVAT\u00d3RIO ASTRON\u00d4MICO<\/h4>\n<p>Diversas atra\u00e7\u00f5es fizeram parte da inaugura\u00e7\u00e3o. No campo da Biologia, figuraram as exposi\u00e7\u00f5es \u201cC\u00e9lula ao Alcance da M\u00e3o\u201d e o &#8220;Espa\u00e7o Interativo do Museu de Malacologia&#8221;. Na \u00e1rea da Qu\u00edmica, destaca-se a Tabela Peri\u00f3dica Interativa, que, com o aux\u00edlio da tecnologia, busca desvendar a hist\u00f3ria dos elementos qu\u00edmicos e seus pap\u00e9is em nosso cotidiano. No campo da F\u00edsica, a exposi\u00e7\u00e3o &#8220;Aprenda Brincando&#8221; demonstra os conceitos da \u00e1rea atrav\u00e9s de materiais recreativos.<\/p>\n<p>No sal\u00e3o de exposi\u00e7\u00f5es est\u00e1 a exposi\u00e7\u00e3o \u201cEnergia Nuclear\u201d. A atra\u00e7\u00e3o \u00e9 uma parceria com o Conselho Nacional de Desenvolvimento Cient\u00edfico e Tecnol\u00f3gico (CNPq) e conta com experimentos que permitem aos visitantes ver, na pr\u00e1tica, as teorias estudadas na f\u00edsica nuclear.<br \/>O Centro de Ci\u00eancias tamb\u00e9m possui um Observat\u00f3rio Espacial, com previs\u00e3o de funcionamento a partir de agosto. O espa\u00e7o possui um telesc\u00f3pio fixo de 20 polegadas, al\u00e9m de dez telesc\u00f3pios m\u00f3veis, incluindo um espec\u00edfico para observa\u00e7\u00e3o do Sol.<\/p>\n<h4>LIVROS<\/h4>\n<p>O livro \u201cEnsino de ci\u00eancias com brinquedos de baixo custo\u201d, com foco nos professores do Ensino Fundamental, foi lan\u00e7ado durante a inaugura\u00e7\u00e3o do Centro de Ci\u00eancias. A obra busca disponibilizar formas alternativas de ensinar ci\u00eancia para crian\u00e7as de 6 a 11 anos. Outros dois livros, \u201cCi\u00eancia em dia: jornadas de divulga\u00e7\u00e3o cient\u00edfica\u201d e \u201cCi\u00eancia alimentando o Brasil\u201d tamb\u00e9m foram lan\u00e7ados durante o evento. Eles s\u00e3o s\u00ednteses de textos das Jornadas de Divulga\u00e7\u00e3o Cient\u00edfica, evento que integra a Semana Nacional de Ci\u00eancia e Tecnologia.<\/p>\n<h4>VISITAS<\/h4>\n<p>Todas as visitas ao Centro de Ci\u00eancias contar\u00e3o com mediadores, que auxiliar\u00e3o os visitantes. A media\u00e7\u00e3o ser\u00e1 feita por estudantes da Universidade que, inscritos em cursos que dialogam com os temas das exposi\u00e7\u00f5es. \u201cConvido as pessoas a visitar, matar a curiosidade, conhecendo o espa\u00e7o e aprendendo um pouco mais de ci\u00eancia\u201d, acrescentou Eloi Teixeira.<\/p>\n<h4>FUNCIONAMENTO<\/h4>\n<p>O Centro funcionar\u00e1, no m\u00eas de julho, de ter\u00e7a a domingo, somente para visitas espont\u00e2neas. A partir de agosto, os hor\u00e1rios se manter\u00e3o, mas ser\u00e3o intercaladas as visitas espont\u00e2neas e agendadas.<\/p>\n","protected":false},"excerpt":{"rendered":"<p>Compartilhar o conhecimento de uma forma l\u00fadica e interativa com a comunidade. Este \u00e9 o objetivo de uma das maiores e mais complexas estruturas de divulga\u00e7\u00e3o cient\u00edfica do pa\u00eds, o Centro de Ci\u00eancias da Universidade Federal de Juiz de Fora (UFJF), inaugurado na noite dessa segunda-feira, 3. \u201cNossa proposta \u00e9 apresentar exposi\u00e7\u00f5es, onde o conhecimento [&hellip;]<\/p>\n","protected":false},"author":96,"featured_media":0,"comment_status":"closed","ping_status":"closed","sticky":false,"template":"","format":"standard","meta":{"footnotes":""},"categories":[253],"tags":[],"class_list":["post-76534","post","type-post","status-publish","format-standard","hentry","category-cidade"],"_links":{"self":[{"href":"https:\/\/diarioregionaldigital.com.br\/index.php?rest_route=\/wp\/v2\/posts\/76534","targetHints":{"allow":["GET"]}}],"collection":[{"href":"https:\/\/diarioregionaldigital.com.br\/index.php?rest_route=\/wp\/v2\/posts"}],"about":[{"href":"https:\/\/diarioregionaldigital.com.br\/index.php?rest_route=\/wp\/v2\/types\/post"}],"author":[{"embeddable":true,"href":"https:\/\/diarioregionaldigital.com.br\/index.php?rest_route=\/wp\/v2\/users\/96"}],"replies":[{"embeddable":true,"href":"https:\/\/diarioregionaldigital.com.br\/index.php?rest_route=%2Fwp%2Fv2%2Fcomments&post=76534"}],"version-history":[{"count":0,"href":"https:\/\/diarioregionaldigital.com.br\/index.php?rest_route=\/wp\/v2\/posts\/76534\/revisions"}],"wp:attachment":[{"href":"https:\/\/diarioregionaldigital.com.br\/index.php?rest_route=%2Fwp%2Fv2%2Fmedia&parent=76534"}],"wp:term":[{"taxonomy":"category","embeddable":true,"href":"https:\/\/diarioregionaldigital.com.br\/index.php?rest_route=%2Fwp%2Fv2%2Fcategories&post=76534"},{"taxonomy":"post_tag","embeddable":true,"href":"https:\/\/diarioregionaldigital.com.br\/index.php?rest_route=%2Fwp%2Fv2%2Ftags&post=76534"}],"curies":[{"name":"wp","href":"https:\/\/api.w.org\/{rel}","templated":true}]}}