{"id":76533,"date":"2017-07-03T23:19:32","date_gmt":"2017-07-04T02:19:32","guid":{"rendered":"http:\/\/diarioregionaljf.com.br\/2017\/07\/03\/atuacao-de-flanelinhas-na-zona-sul-inibe-motoristas\/"},"modified":"2017-07-03T23:19:32","modified_gmt":"2017-07-04T02:19:32","slug":"atuacao-de-flanelinhas-na-zona-sul-inibe-motoristas","status":"publish","type":"post","link":"https:\/\/diarioregionaldigital.com.br\/?p=76533","title":{"rendered":"Atua\u00e7\u00e3o de flanelinhas na Zona Sul inibe motoristas"},"content":{"rendered":"<p>A Pol\u00edcia Militar (PM) realizou mais uma opera\u00e7\u00e3o no intuito de coibir a a\u00e7\u00e3o dos flanelinhas, resultando na pris\u00e3o de 12 pessoas no Bairro Alto dos Passos, zona Sul. A a\u00e7\u00e3o foi realizada na sexta-feira, 30. Al\u00e9m de reprimir as atividades il\u00edcitas, a a\u00e7\u00e3o serve para chamar aten\u00e7\u00e3o das autoridades para a necessidade de repensar um plano de a\u00e7\u00e3o para coibir essas atividades,que se sentem os donos dela e fazem os motoristas ref\u00e9ns de um servi\u00e7o sem regulamenta\u00e7\u00e3o.<\/p>\n<p>O eletrot\u00e9cnico William Alves explicou que os motoristas t\u00eam de inseguran\u00e7a e de intimida\u00e7\u00e3o, por conta da a\u00e7\u00e3o dos flanelinhas. \u201cSempre que estaciono o carro, eles oferecem o servi\u00e7o que, em muitas das vezes, sabemos que n\u00e3o ser\u00e1 feito, pois o flanelinha vai pegar o dinheiro e n\u00e3o vai tomar conta do carro. Recentemente, passei por uma situa\u00e7\u00e3o na Rua Santa Rita, Centro, onde estacionei o meu carro e uma mo\u00e7a apareceu, dizendo que tomaria conta do ve\u00edculo por uma pequena ajuda. No primeiro momento, pensei em dizer n\u00e3o, entretanto, fiquei com receio de ter um preju\u00edzo maior, por n\u00e3o pagar o pequeno valor, e acabei entregando o dinheiro. A minha sensa\u00e7\u00e3o \u00e9 de inseguran\u00e7a, ficamos ref\u00e9ns das poss\u00edveis a\u00e7\u00f5es deles. J\u00e1 temos o temor de ser roubados e, agora, esta tem sido uma preocupa\u00e7\u00e3o a mais\u201d, afirmou.<\/p>\n<p>Alves acredita na necessidade de um planejamento e de maior empenho das autoridades, a fim de solucionar esta quest\u00e3o. \u201cJ\u00e1 presenciei em algumas cidades, situa\u00e7\u00f5es em que a prefeitura regulamentou a profiss\u00e3o, cadastrou e identificou o flanelinha, fornecendo materiais para ele trabalhar. Foi uma alternativa que deu certo e poderia ser interessante em Juiz de Fora\u201d, destacou. \u201cTamb\u00e9m estamos sentindo falta de um trabalho maior da pol\u00edcia, rondando o local e abordando os indiv\u00edduos. Acredito que s\u00e3o maneiras de diminuir ainda mais as a\u00e7\u00f5es deles\u201d, acrescentou Alves.<\/p>\n<h4>A\u00c7\u00c3O DA POL\u00cdCIA<\/h4>\n<p>O assessor de comunica\u00e7\u00e3o da 4\u00aa Regi\u00e3o da PM, major Marcellus Machado, esclareceu que a corpora\u00e7\u00e3o tem mapeado os locais com maior fluxo dos flanelinhas e autuado os respons\u00e1veis por pr\u00e1ticas irregulares. \u201cAs a\u00e7\u00f5es dos flanelinhas s\u00f3 acontecem em locais com concentra\u00e7\u00e3o de p\u00fablico: em festas, bares, templos religiosos. Estamos direcionando nossos esfor\u00e7os para esses locais\u201d, lembrou o assessor, que garantiu que a PM ir\u00e1 repetir as opera\u00e7\u00f5es em diversas ocasi\u00f5es, no intuito de evitar que os flanelinhas voltem \u00e0s ruas e realizem as cobran\u00e7as indevidas.<\/p>\n<p>Machado orientou, tamb\u00e9m, que diante de extors\u00e3o, amea\u00e7a de ter o ve\u00edculo arranhado ou qualquer atividade dos \u201cseguran\u00e7as de ve\u00edculo\u201d, as pessoas devem procurar a pol\u00edcia. \u201cOs condutores devem verificar as caracter\u00edsticas de quem est\u00e1 promovendo a atividade e, de imediato, procurar um militar ou ligar no 190, identificando o poss\u00edvel infrator, para que a pol\u00edcia possa agir\u201d, finalizou.<\/p>\n","protected":false},"excerpt":{"rendered":"<p>A Pol\u00edcia Militar (PM) realizou mais uma opera\u00e7\u00e3o no intuito de coibir a a\u00e7\u00e3o dos flanelinhas, resultando na pris\u00e3o de 12 pessoas no Bairro Alto dos Passos, zona Sul. A a\u00e7\u00e3o foi realizada na sexta-feira, 30. Al\u00e9m de reprimir as atividades il\u00edcitas, a a\u00e7\u00e3o serve para chamar aten\u00e7\u00e3o das autoridades para a necessidade de repensar [&hellip;]<\/p>\n","protected":false},"author":96,"featured_media":0,"comment_status":"closed","ping_status":"closed","sticky":false,"template":"","format":"standard","meta":{"footnotes":""},"categories":[253],"tags":[],"class_list":["post-76533","post","type-post","status-publish","format-standard","hentry","category-cidade"],"_links":{"self":[{"href":"https:\/\/diarioregionaldigital.com.br\/index.php?rest_route=\/wp\/v2\/posts\/76533","targetHints":{"allow":["GET"]}}],"collection":[{"href":"https:\/\/diarioregionaldigital.com.br\/index.php?rest_route=\/wp\/v2\/posts"}],"about":[{"href":"https:\/\/diarioregionaldigital.com.br\/index.php?rest_route=\/wp\/v2\/types\/post"}],"author":[{"embeddable":true,"href":"https:\/\/diarioregionaldigital.com.br\/index.php?rest_route=\/wp\/v2\/users\/96"}],"replies":[{"embeddable":true,"href":"https:\/\/diarioregionaldigital.com.br\/index.php?rest_route=%2Fwp%2Fv2%2Fcomments&post=76533"}],"version-history":[{"count":0,"href":"https:\/\/diarioregionaldigital.com.br\/index.php?rest_route=\/wp\/v2\/posts\/76533\/revisions"}],"wp:attachment":[{"href":"https:\/\/diarioregionaldigital.com.br\/index.php?rest_route=%2Fwp%2Fv2%2Fmedia&parent=76533"}],"wp:term":[{"taxonomy":"category","embeddable":true,"href":"https:\/\/diarioregionaldigital.com.br\/index.php?rest_route=%2Fwp%2Fv2%2Fcategories&post=76533"},{"taxonomy":"post_tag","embeddable":true,"href":"https:\/\/diarioregionaldigital.com.br\/index.php?rest_route=%2Fwp%2Fv2%2Ftags&post=76533"}],"curies":[{"name":"wp","href":"https:\/\/api.w.org\/{rel}","templated":true}]}}