{"id":76532,"date":"2017-07-03T22:47:56","date_gmt":"2017-07-04T01:47:56","guid":{"rendered":"http:\/\/diarioregionaljf.com.br\/2017\/07\/03\/buraco-em-asfalto-atrapalha-a-circulacao-de-onibus-e-causa-transtorno-aos-moradores-do-bom-clima\/"},"modified":"2017-07-03T22:47:56","modified_gmt":"2017-07-04T01:47:56","slug":"buraco-em-asfalto-atrapalha-a-circulacao-de-onibus-e-causa-transtorno-aos-moradores-do-bom-clima","status":"publish","type":"post","link":"https:\/\/diarioregionaldigital.com.br\/?p=76532","title":{"rendered":"Buraco em asfalto atrapalha a circula\u00e7\u00e3o de \u00f4nibus e causa transtorno aos moradores do Bom Clima"},"content":{"rendered":"<p>Um morador do Bairro Bom Clima, na zona Nordeste da cidade, procurou o Di\u00e1rio Regional para denunciar as m\u00e1s condi\u00e7\u00f5es do asfalto na Rua Ant\u00f4nio Chimico Corr\u00eaa, pr\u00f3ximo ao n\u00famero 205. Segundo o leitor, que n\u00e3o quis se identificar, um buraco come\u00e7ou a se formar h\u00e1 cerca de tr\u00eas meses e o problema ainda n\u00e3o foi solucionado.<\/p>\n<p>\u201cOs moradores tentam sinalizar o local para orientar os motoristas que passam por ali. H\u00e1 um enorme risco do asfalto ceder, quando um carro ou \u00f4nibus estiver passando, e causar um grave acidente\u201d, conta o morador. \u201cAparentemente, o buraco parece n\u00e3o oferecer tanto risco por causa de seu di\u00e2metro, por\u00e9m, a profundidade ultrapassa o comprimento de dois cabos de vassoura\u201d, explica.<\/p>\n<p>Ainda de acordo com o relato, v\u00e1rios moradores j\u00e1 apresentaram reclama\u00e7\u00f5es \u00e0 Prefeitura, por\u00e9m n\u00e3o obtiveram solu\u00e7\u00e3o at\u00e9 o momento. \u201cJ\u00e1 se passaram alguns meses e nada foi resolvido, apesar das v\u00e1rias liga\u00e7\u00f5es que j\u00e1 fizemos notificando sobre o problema na rua. Outro problema \u00e9 o transporte p\u00fablico. Muitos motoristas evitam passar pela rua, e isso gera atrasos para quem precisa trabalhar e cumprir hor\u00e1rios\u201d, afirma o morador.<\/p>\n<p>Em nota, a Secretaria de Obras disse que far\u00e1 uma vistoria no local para verificar a eros\u00e3o. Caso seja de sua compet\u00eancia, o \u00f3rg\u00e3o realizar\u00e1 o servi\u00e7o de corre\u00e7\u00e3o do asfalto. Caso n\u00e3o seja, a Secretaria encaminhar\u00e1 o problema para o \u00f3rg\u00e3o competente.<\/p>\n","protected":false},"excerpt":{"rendered":"<p>Um morador do Bairro Bom Clima, na zona Nordeste da cidade, procurou o Di\u00e1rio Regional para denunciar as m\u00e1s condi\u00e7\u00f5es do asfalto na Rua Ant\u00f4nio Chimico Corr\u00eaa, pr\u00f3ximo ao n\u00famero 205. Segundo o leitor, que n\u00e3o quis se identificar, um buraco come\u00e7ou a se formar h\u00e1 cerca de tr\u00eas meses e o problema ainda n\u00e3o [&hellip;]<\/p>\n","protected":false},"author":96,"featured_media":76531,"comment_status":"closed","ping_status":"closed","sticky":false,"template":"","format":"standard","meta":{"footnotes":""},"categories":[253],"tags":[],"class_list":["post-76532","post","type-post","status-publish","format-standard","has-post-thumbnail","hentry","category-cidade"],"_links":{"self":[{"href":"https:\/\/diarioregionaldigital.com.br\/index.php?rest_route=\/wp\/v2\/posts\/76532","targetHints":{"allow":["GET"]}}],"collection":[{"href":"https:\/\/diarioregionaldigital.com.br\/index.php?rest_route=\/wp\/v2\/posts"}],"about":[{"href":"https:\/\/diarioregionaldigital.com.br\/index.php?rest_route=\/wp\/v2\/types\/post"}],"author":[{"embeddable":true,"href":"https:\/\/diarioregionaldigital.com.br\/index.php?rest_route=\/wp\/v2\/users\/96"}],"replies":[{"embeddable":true,"href":"https:\/\/diarioregionaldigital.com.br\/index.php?rest_route=%2Fwp%2Fv2%2Fcomments&post=76532"}],"version-history":[{"count":0,"href":"https:\/\/diarioregionaldigital.com.br\/index.php?rest_route=\/wp\/v2\/posts\/76532\/revisions"}],"wp:featuredmedia":[{"embeddable":true,"href":"https:\/\/diarioregionaldigital.com.br\/index.php?rest_route=\/wp\/v2\/media\/76531"}],"wp:attachment":[{"href":"https:\/\/diarioregionaldigital.com.br\/index.php?rest_route=%2Fwp%2Fv2%2Fmedia&parent=76532"}],"wp:term":[{"taxonomy":"category","embeddable":true,"href":"https:\/\/diarioregionaldigital.com.br\/index.php?rest_route=%2Fwp%2Fv2%2Fcategories&post=76532"},{"taxonomy":"post_tag","embeddable":true,"href":"https:\/\/diarioregionaldigital.com.br\/index.php?rest_route=%2Fwp%2Fv2%2Ftags&post=76532"}],"curies":[{"name":"wp","href":"https:\/\/api.w.org\/{rel}","templated":true}]}}