{"id":76530,"date":"2017-07-03T22:24:00","date_gmt":"2017-07-04T01:24:00","guid":{"rendered":"http:\/\/diarioregionaljf.com.br\/2017\/07\/03\/a-sabedoria-que-conduz-a-prosperidade\/"},"modified":"2018-04-16T08:09:57","modified_gmt":"2018-04-16T11:09:57","slug":"a-sabedoria-que-conduz-a-prosperidade","status":"publish","type":"post","link":"https:\/\/diarioregionaldigital.com.br\/?p=76530","title":{"rendered":"A sabedoria que conduz \u00e0 prosperidade"},"content":{"rendered":"<p style=\"text-align: center;\">A for\u00e7a criativa universal n\u00e3o sabe apenas criar os organismos vegetal e humano, extremamente complexos e delicados. Ela possui sabedoria, tamb\u00e9m, para conduzir as nossas atividades empresariais ao sucesso. Na verdade, a ess\u00eancia da riqueza e da prosperidade \u00e9 uma &#8220;ideia&#8221;. Sendo praticada, essa ideia se transforma em riqueza. Mas \u00e9 preciso o elemento humano para coloc\u00e1-Ia em pr\u00e1tica. A ideia vem da sabedoria universal, mas se permanecer apenas ideia ser\u00e1 como dinheiro que depositamos em conta corrente no banco sem poder sacar. Mesmo que os l\u00edderes tenham excelentes ideias, elas de nada valer\u00e3o se o encarregado de coloc\u00e1-Ias na pr\u00e1tica n\u00e3o as interpretar corretamente, ou se as deturpar com ideias erradas.<\/p>\n<p style=\"text-align: center;\"><span class=\"h4\">O homem \u00e9 um ser espiritual, que possui corpo formado por esp\u00edrito e carne<\/span><br \/>Normalmente, diz-se que o homem \u00e9 constitu\u00eddo de corpo e esp\u00edrito. Na verdade, por\u00e9m, estes s\u00e3o apenas dois aspectos da consci\u00eancia espiritual. N\u00e3o \u00e9 correto dizer que o homem \u00e9 formado de duas partes distintas, corpo e esp\u00edrito. Estes dois fazem parte de uma s\u00f3 consci\u00eancia espiritual. A medicina descobriu, finalmente, esta verdade e criou uma nova mat\u00e9ria de estudos denominada medicina psicossom\u00e1tica. A revista Reader&#8217;s Digest publicou, em abril de 1958, um artigo intitulado &#8220;Paga-se caro quando se descontrola emocionalmente&#8221;. Consta do artigo que &#8220;as pessoas irritadi\u00e7as sofrem mais de dor de cabe\u00e7a, ins\u00f4nia, indigest\u00e3o e cansa\u00e7o profundo. Segundo a pesquisa m\u00e9dica, estas pessoas internam-se no hospital com mais frequ\u00eancia do que aquelas otimistas e tranquilas. O teste aplicado pelos m\u00e9dicos comprova que as pessoas card\u00edacas s\u00e3o as que trabalham intensamente mas, muitas vezes, insatisfeitas com o pr\u00f3prio trabalho&#8221;.<\/p>\n<p style=\"text-align: center;\"><span class=\"h4\">O acidente de trabalho acontece quando se trabalha com insatisfa\u00e7\u00e3o<\/span><br \/>Existem profissionais especializados em incitar trabalhadores contra empres\u00e1rios e capitalistas, a pretexto de aumentar os sal\u00e1rios. Eles semeiam nos oper\u00e1rios \u00f3dio e rancor contra os patr\u00f5es. Mas, se soubessem que os oper\u00e1rios que trabalham com \u00f3dio s\u00e3o os que mais procuram os m\u00e9dicos e hospitais, gastando depressa o aumento salarial que conseguiram com repetidas greves, provavelmente pensariam melhor da pr\u00f3xima vez. Segundo aquele artigo do Reader&#8217;s Digest, &#8220;a pesquisa feita nas f\u00e1bricas revelou que a insatisfa\u00e7\u00e3o contra os superiores \u00e9 a grande respons\u00e1vel pela produ\u00e7\u00e3o de artigos desqualificados, pela inefici\u00eancia e por acidentes de trabalho&#8221;. Quem sofre com graves acidentes de trabalho \u00e9 o pr\u00f3prio oper\u00e1rio, de nada lhe valendo o aumento salarial. Os sindicalistas e os incitadores s\u00f3 lucram com o preju\u00edzo dos oper\u00e1rios.<\/p>\n<p style=\"text-align: center;\"><span class=\"h4\">Assim acontecem os acidentes nas viagens dos escolares<\/span><br \/>Todos os anos, na primavera, quando chega a \u00e9poca da viagem em grupo dos escolares, noticiam-se acidentes como de \u00f4nibus que caem em precip\u00edcios, navios que afundam, trens que se chocam contra \u00f4nibus. Dificilmente se passa uma primavera sem tais acidentes, mas muito poucas pessoas conhecem a verdadeira causa disso. Critica-se o Minist\u00e9rio da Educa\u00e7\u00e3o ou a diretoria da empresa ferrovi\u00e1ria, mas n\u00e3o \u00e9 a\u00ed que est\u00e1 a verdadeira causa dos acidentes. Os condutores de \u00f4nibus, de trens ou de navios recebem orienta\u00e7\u00e3o dos sindicalistas no sentido de &#8220;lutar contra os patr\u00f5es que os exploram&#8221;, e por isso trabalham com grande insatisfa\u00e7\u00e3o. E essa insatisfa\u00e7\u00e3o explode ao serem obrigados a conduzir centenas de escolares barulhentos que brincam e pulam dentro dos coletivos.<\/p>\n","protected":false},"excerpt":{"rendered":"<p>A for\u00e7a criativa universal n\u00e3o sabe apenas criar os organismos vegetal e humano, extremamente complexos e delicados. Ela possui sabedoria, tamb\u00e9m, para conduzir as nossas atividades empresariais ao sucesso. Na verdade, a ess\u00eancia da riqueza e da prosperidade \u00e9 uma &#8220;ideia&#8221;. Sendo praticada, essa ideia se transforma em riqueza. Mas \u00e9 preciso o elemento humano [&hellip;]<\/p>\n","protected":false},"author":96,"featured_media":0,"comment_status":"closed","ping_status":"closed","sticky":false,"template":"","format":"standard","meta":{"footnotes":""},"categories":[263],"tags":[],"class_list":["post-76530","post","type-post","status-publish","format-standard","hentry","category-jane-aragao"],"_links":{"self":[{"href":"https:\/\/diarioregionaldigital.com.br\/index.php?rest_route=\/wp\/v2\/posts\/76530","targetHints":{"allow":["GET"]}}],"collection":[{"href":"https:\/\/diarioregionaldigital.com.br\/index.php?rest_route=\/wp\/v2\/posts"}],"about":[{"href":"https:\/\/diarioregionaldigital.com.br\/index.php?rest_route=\/wp\/v2\/types\/post"}],"author":[{"embeddable":true,"href":"https:\/\/diarioregionaldigital.com.br\/index.php?rest_route=\/wp\/v2\/users\/96"}],"replies":[{"embeddable":true,"href":"https:\/\/diarioregionaldigital.com.br\/index.php?rest_route=%2Fwp%2Fv2%2Fcomments&post=76530"}],"version-history":[{"count":0,"href":"https:\/\/diarioregionaldigital.com.br\/index.php?rest_route=\/wp\/v2\/posts\/76530\/revisions"}],"wp:attachment":[{"href":"https:\/\/diarioregionaldigital.com.br\/index.php?rest_route=%2Fwp%2Fv2%2Fmedia&parent=76530"}],"wp:term":[{"taxonomy":"category","embeddable":true,"href":"https:\/\/diarioregionaldigital.com.br\/index.php?rest_route=%2Fwp%2Fv2%2Fcategories&post=76530"},{"taxonomy":"post_tag","embeddable":true,"href":"https:\/\/diarioregionaldigital.com.br\/index.php?rest_route=%2Fwp%2Fv2%2Ftags&post=76530"}],"curies":[{"name":"wp","href":"https:\/\/api.w.org\/{rel}","templated":true}]}}