{"id":76529,"date":"2017-07-03T22:21:09","date_gmt":"2017-07-04T01:21:09","guid":{"rendered":"http:\/\/diarioregionaljf.com.br\/2017\/07\/03\/algo-bom\/"},"modified":"2017-07-03T22:21:09","modified_gmt":"2017-07-04T01:21:09","slug":"algo-bom","status":"publish","type":"post","link":"https:\/\/diarioregionaldigital.com.br\/?p=76529","title":{"rendered":"Algo Bom"},"content":{"rendered":"<p style=\"text-align: center;\"><span class=\"h4\">Algo Bom<\/span><br \/>O novo arcebispo de Diamantina dom Darci Jos\u00e9 Nicioli, em sua miss\u00e3o pastoral, tem se dedicado a visitar os 34 munic\u00edpios que se encontram sob sua jurisdi\u00e7\u00e3o episcopal, inclusive muitos situados em pleno sert\u00e3o mineiro. Ele foi prestigiar a cidade hist\u00f3rica do Serro, nas tradicionais comemora\u00e7\u00f5es da centen\u00e1ria Festa do ros\u00e1rio, na Par\u00f3quia de N\u00aa S\u00aa da Concei\u00e7\u00e3o.<\/p>\n<p style=\"text-align: center;\"><span class=\"h4\">Caipira<\/span><br \/>Como o m\u00eas de junho ficou inflacionado das chamadas festas juninas, o jeito \u00e9 esticar esses eventos para o m\u00eas de julho. Por exemplo, a julina Arraiastasamba da Sandra Portella, dia 16 de julho, \u00e0s 14h, na sede do Clube Ol\u00edmpico. Entre as atra\u00e7\u00f5es, al\u00e9m da cantora diva e sua banda, o Grupo Forrozeta ajudar\u00e1 a fazer a festa.<\/p>\n<p style=\"text-align: center;\"><span class=\"h4\">Homenagens<\/span><br \/>Em ritmo de tom maior, o presidente da Federa\u00e7\u00e3o Nacional dos Policiais Federais, Luiz Ant\u00f4nio de Ara\u00fajo Baudens, esteve na capital mineira especialmente para prestigiar solenidade promovida pela Sinpel\/MG, realizada na Assembleia Legislativa, quando houve a entrega da Medalha Sinpel\/MG 2017 a personalidades dos setores p\u00fablico, jur\u00eddico, econ\u00f4mico e social, de Minas e do pa\u00eds.<\/p>\n<p style=\"text-align: center;\"><span class=\"h4\">Literatura<\/span><br \/>A escritora mineira Ad\u00e9lia Prado recebeu o Pr\u00eamio do Governo de Minas Gerais pelo conjunto de sua obra. A solenidade na Biblioteca P\u00fablica Estadual Luiz de Bessa, ainda contemplou, na categoria fic\u00e7\u00e3o, a obra Floresta no fim da rua do paulista S\u00edlvio Rog\u00e9rio Silva; na categoria Poesia, Um carro capota na lua, do pernambucano Tadeu de Melo Sarmento; e como jovem escritor, o mineiro Jonatham Tavares Diniz, autor do projeto C\u00f3lera.<\/p>\n<p style=\"text-align: center;\"><span class=\"h4\">Publica\u00e7\u00e3o<\/span><br \/>Os cursos de Administra\u00e7\u00e3o, Tecnologia em Gest\u00e3o de Recursos Humanos e Tecnologia em Marketing do CES\/JF realizaram, com sucesso, uma palestra com o tema \u201cA log\u00edstica na implanta\u00e7\u00e3o da base da Marinha na Ant\u00e1rtica \u2013 Programa Ant\u00e1rtico Brasileiro (PROANTAR). A palestra Marinha do Brasil foi ministrada por Eduardo da Costa Pereira J\u00fanior e foi realizado no anfiteatro do CES\/JF no Campus Academia.<\/p>\n<p style=\"text-align: center;\"><span class=\"h4\">Dica<\/span><br \/>Paulinho Honoratto, considerado o cabeleireiro das estrelas, promove na RP Minas nos dias 10 e 11 de julho, das 9h \u00e0s 17h. Curso de Penteado. Informa\u00e7\u00f5es: 3212-5222.<\/p>\n<p style=\"text-align: center;\"><img decoding=\"async\" class=\" size-full wp-image-76521\" src=\"http:\/\/diarioregionaljf.com.br\/wp-content\/uploads\/2017\/07\/diario-int-17383-1.jpg\" alt=\"FOTOA.jpg\" width=\"680\" style=\"display: block; margin-left: auto; margin-right: auto;\" srcset=\"https:\/\/diarioregionaldigital.com.br\/wp-content\/uploads\/2017\/07\/diario-int-17383-1.jpg 680w, https:\/\/diarioregionaldigital.com.br\/wp-content\/uploads\/2017\/07\/diario-int-17383-1-266x300.jpg 266w, https:\/\/diarioregionaldigital.com.br\/wp-content\/uploads\/2017\/07\/diario-int-17383-1-360x407.jpg 360w\" sizes=\"(max-width: 680px) 100vw, 680px\" \/>Lindas estrelinhas enfeitam a abertura desta semana, Maria Eduarda e Valentina Santos de Mota Duarte<\/p>\n<p style=\"text-align: center;\"><img decoding=\"async\" class=\" size-full wp-image-76522\" src=\"http:\/\/diarioregionaljf.com.br\/wp-content\/uploads\/2017\/07\/diario-int-17383-2.jpg\" alt=\"FOTOB.jpg\" width=\"680\" style=\"display: block; margin-left: auto; margin-right: auto;\" srcset=\"https:\/\/diarioregionaldigital.com.br\/wp-content\/uploads\/2017\/07\/diario-int-17383-2.jpg 680w, https:\/\/diarioregionaldigital.com.br\/wp-content\/uploads\/2017\/07\/diario-int-17383-2-300x184.jpg 300w, https:\/\/diarioregionaldigital.com.br\/wp-content\/uploads\/2017\/07\/diario-int-17383-2-360x221.jpg 360w\" sizes=\"(max-width: 680px) 100vw, 680px\" \/>O prefeito de JF Bruno Siqueira e o secret\u00e1rio Jo\u00e3o Matos recebendo a Revista Casa Desing, de Alexandre Oliveira e N\u00edvea Mello<\/p>\n<p style=\"text-align: center;\"><img decoding=\"async\" class=\" size-full wp-image-76523\" src=\"http:\/\/diarioregionaljf.com.br\/wp-content\/uploads\/2017\/07\/diario-int-17383-3.jpg\" alt=\"FOTOE.jpg\" width=\"680\" style=\"display: block; margin-left: auto; margin-right: auto;\" srcset=\"https:\/\/diarioregionaldigital.com.br\/wp-content\/uploads\/2017\/07\/diario-int-17383-3.jpg 680w, https:\/\/diarioregionaldigital.com.br\/wp-content\/uploads\/2017\/07\/diario-int-17383-3-300x198.jpg 300w, https:\/\/diarioregionaldigital.com.br\/wp-content\/uploads\/2017\/07\/diario-int-17383-3-360x238.jpg 360w\" sizes=\"(max-width: 680px) 100vw, 680px\" \/>Gente especial em noite de inverno, Mar\u00edlia Ornellas e Thadeu Corr\u00eaa com as filhas Laura e L\u00edvia<\/p>\n<p style=\"text-align: center;\"><img decoding=\"async\" class=\" size-full wp-image-76524\" src=\"http:\/\/diarioregionaljf.com.br\/wp-content\/uploads\/2017\/07\/diario-int-17383-4.jpg\" alt=\"FOTOF.jpg\" width=\"680\" style=\"display: block; margin-left: auto; margin-right: auto;\" srcset=\"https:\/\/diarioregionaldigital.com.br\/wp-content\/uploads\/2017\/07\/diario-int-17383-4.jpg 680w, https:\/\/diarioregionaldigital.com.br\/wp-content\/uploads\/2017\/07\/diario-int-17383-4-300x198.jpg 300w, https:\/\/diarioregionaldigital.com.br\/wp-content\/uploads\/2017\/07\/diario-int-17383-4-360x238.jpg 360w\" sizes=\"(max-width: 680px) 100vw, 680px\" \/>Este colunista e Marc\u00edlio Gomes festejando em nosso ap\u00ea o sucesso da diva Sandra Portella<\/p>\n<p style=\"text-align: center;\"><img decoding=\"async\" class=\" size-full wp-image-76525\" src=\"http:\/\/diarioregionaljf.com.br\/wp-content\/uploads\/2017\/07\/diario-int-17383-5.jpg\" alt=\"FOTOG.jpg\" width=\"680\" style=\"display: block; margin-left: auto; margin-right: auto;\" srcset=\"https:\/\/diarioregionaldigital.com.br\/wp-content\/uploads\/2017\/07\/diario-int-17383-5.jpg 680w, https:\/\/diarioregionaldigital.com.br\/wp-content\/uploads\/2017\/07\/diario-int-17383-5-266x300.jpg 266w, https:\/\/diarioregionaldigital.com.br\/wp-content\/uploads\/2017\/07\/diario-int-17383-5-360x407.jpg 360w\" sizes=\"(max-width: 680px) 100vw, 680px\" \/>O charme estelar de Yasmin Marinho<\/p>\n<p style=\"text-align: center;\"><img decoding=\"async\" class=\" size-full wp-image-76526\" src=\"http:\/\/diarioregionaljf.com.br\/wp-content\/uploads\/2017\/07\/diario-int-17383-6.jpg\" alt=\"FOTOH.jpg\" width=\"680\" style=\"display: block; margin-left: auto; margin-right: auto;\" srcset=\"https:\/\/diarioregionaldigital.com.br\/wp-content\/uploads\/2017\/07\/diario-int-17383-6.jpg 680w, https:\/\/diarioregionaldigital.com.br\/wp-content\/uploads\/2017\/07\/diario-int-17383-6-266x300.jpg 266w, https:\/\/diarioregionaldigital.com.br\/wp-content\/uploads\/2017\/07\/diario-int-17383-6-360x407.jpg 360w\" sizes=\"(max-width: 680px) 100vw, 680px\" \/>Um foco de luz na charmosa Nilc\u00e9a Hosken<\/p>\n<p style=\"text-align: center;\"><img decoding=\"async\" class=\" size-full wp-image-76527\" src=\"http:\/\/diarioregionaljf.com.br\/wp-content\/uploads\/2017\/07\/diario-int-17383-7.jpg\" alt=\"AA.jpg\" width=\"680\" style=\"display: block; margin-left: auto; margin-right: auto;\" srcset=\"https:\/\/diarioregionaldigital.com.br\/wp-content\/uploads\/2017\/07\/diario-int-17383-7.jpg 680w, https:\/\/diarioregionaldigital.com.br\/wp-content\/uploads\/2017\/07\/diario-int-17383-7-300x188.jpg 300w, https:\/\/diarioregionaldigital.com.br\/wp-content\/uploads\/2017\/07\/diario-int-17383-7-360x226.jpg 360w\" sizes=\"(max-width: 680px) 100vw, 680px\" \/>Na Inaugura\u00e7\u00e3o da loja Elemento M\u00f3veis! Clau Di Paulo, Guta Lacerda, Myrliane Le\u00e3o, Claudia Uebe e Alex Martins<\/p>\n<p style=\"text-align: center;\"><img decoding=\"async\" class=\" size-full wp-image-76528\" src=\"http:\/\/diarioregionaljf.com.br\/wp-content\/uploads\/2017\/07\/diario-int-17383-8.jpg\" alt=\"BB.jpg\" width=\"680\" style=\"display: block; margin-left: auto; margin-right: auto;\" srcset=\"https:\/\/diarioregionaldigital.com.br\/wp-content\/uploads\/2017\/07\/diario-int-17383-8.jpg 680w, https:\/\/diarioregionaldigital.com.br\/wp-content\/uploads\/2017\/07\/diario-int-17383-8-266x300.jpg 266w, https:\/\/diarioregionaldigital.com.br\/wp-content\/uploads\/2017\/07\/diario-int-17383-8-360x407.jpg 360w\" sizes=\"(max-width: 680px) 100vw, 680px\" \/>Cassiano Machado e Mait\u00ea Saint-Clair, na festa Euphorika<\/p>\n<p class=\"h4\" style=\"text-align: center;\">FOTOSS\u00cdNTESE<\/p>\n<p>Na agenda deste colunista marca a Feijoada Sertaneja no Esporte Clube Benfica, dia 9 de julho, \u00e0s 12h.<\/p>\n<p>Anfitri\u00e3o de destaque hoje, o m\u00e9dico Alexandre Rabello recebe para fino jantar em sua penthouse no Estrela Sul. Cardiologista do Ex\u00e9rcito no Rio de Janeiro, espera ansioso sua transfer\u00eancia para Juiz de Fora.<\/p>\n<p>Enviando not\u00edcias de Portugal onde passam temporada de f\u00e9rias, Jo\u00e3o Monteiro e Linda com Ygor rocha e Tha\u00eds. Eles comandam em Juiz de Fora a Padaria Linda na Rua S\u00e3o Jo\u00e3o.<\/p>\n<p>Muito talentoso, o coiffeur Rhuan Fontes participou no Joalpa Hotel, de mais um curso especial de colorimetria.<\/p>\n<p>O vice-presidente do sindicato dos Empregados no Com\u00e9rcio em Juiz de Fora, Wagner Fran\u00e7a, mostra compet\u00eancia no cargo que comanda com muito dinamismo.<\/p>\n<p>Com seu especial\u00edssimo bistr\u00f4-Gastronomia-gourmet, o Caf\u00e9 Kurt ao lado do Theatro Central \u00e9 o \u2018point\u2019 preferido de gente antenada de Juiz de Fora e regi\u00e3o.<\/p>\n<p>Agendado para 17 de julho, \u00e0s 20h, no Cine-Theatro Central, a com\u00e9dia Meu Passado me Condena, com F\u00e1bio Porchat e Mi\u00e1 Mello.<\/p>\n<p>A UFJF entregou as chaves da Moradia Estudantil em S\u00e3o Pedro e os estudantes contemplados assinaram o termo de ocupa\u00e7\u00e3o em reuni\u00e3o no campus.<\/p>\n<p>O coronel Erenito Alves Azeredo assumiu a chefia do Terceiro Comando Operacional de Bombeiros (3\u00ba COB). A cerim\u00f4nia que comemorou o Dia do Bombeiro (28 de julho), teve a presen\u00e7a do comandante-geral do Corpo de Bombeiros Militar, coronel Cl\u00e1udio Roberto de Souza. A solenidade foi no Risp, de Nova Era.<\/p>\n<p>Em estilo \u00fanico, foi realizado pelo Sebrae Minas e o SINduscon\/JF o semin\u00e1rio que discutiu as perspectivas e desafios da constru\u00e7\u00e3o civil. O evento foi realizado no Centro industrial, na Av. Rio Branco, 2337.<\/p>\n<p>Mulheres \u2013 Misses em Juiz de Fora real\u00e7am beleza, charme e borogod\u00f3. S\u00e3o elas: J\u00falia Horta, Isabella Stumpf e Lorena Rodrigues.<\/p>\n<p>Para arrasar: O futuro j\u00e1 chegou, mas n\u00e3o queremos apocal\u00edptico como nos mostram alguns filmes e s\u00e9ries. Bom dia leitores e amigos.<\/p>\n","protected":false},"excerpt":{"rendered":"<p>Algo BomO novo arcebispo de Diamantina dom Darci Jos\u00e9 Nicioli, em sua miss\u00e3o pastoral, tem se dedicado a visitar os 34 munic\u00edpios que se encontram sob sua jurisdi\u00e7\u00e3o episcopal, inclusive muitos situados em pleno sert\u00e3o mineiro. Ele foi prestigiar a cidade hist\u00f3rica do Serro, nas tradicionais comemora\u00e7\u00f5es da centen\u00e1ria Festa do ros\u00e1rio, na Par\u00f3quia de [&hellip;]<\/p>\n","protected":false},"author":96,"featured_media":76520,"comment_status":"closed","ping_status":"closed","sticky":false,"template":"","format":"standard","meta":{"footnotes":""},"categories":[264],"tags":[],"class_list":["post-76529","post","type-post","status-publish","format-standard","has-post-thumbnail","hentry","category-eduardo-gomes"],"_links":{"self":[{"href":"https:\/\/diarioregionaldigital.com.br\/index.php?rest_route=\/wp\/v2\/posts\/76529","targetHints":{"allow":["GET"]}}],"collection":[{"href":"https:\/\/diarioregionaldigital.com.br\/index.php?rest_route=\/wp\/v2\/posts"}],"about":[{"href":"https:\/\/diarioregionaldigital.com.br\/index.php?rest_route=\/wp\/v2\/types\/post"}],"author":[{"embeddable":true,"href":"https:\/\/diarioregionaldigital.com.br\/index.php?rest_route=\/wp\/v2\/users\/96"}],"replies":[{"embeddable":true,"href":"https:\/\/diarioregionaldigital.com.br\/index.php?rest_route=%2Fwp%2Fv2%2Fcomments&post=76529"}],"version-history":[{"count":0,"href":"https:\/\/diarioregionaldigital.com.br\/index.php?rest_route=\/wp\/v2\/posts\/76529\/revisions"}],"wp:featuredmedia":[{"embeddable":true,"href":"https:\/\/diarioregionaldigital.com.br\/index.php?rest_route=\/wp\/v2\/media\/76520"}],"wp:attachment":[{"href":"https:\/\/diarioregionaldigital.com.br\/index.php?rest_route=%2Fwp%2Fv2%2Fmedia&parent=76529"}],"wp:term":[{"taxonomy":"category","embeddable":true,"href":"https:\/\/diarioregionaldigital.com.br\/index.php?rest_route=%2Fwp%2Fv2%2Fcategories&post=76529"},{"taxonomy":"post_tag","embeddable":true,"href":"https:\/\/diarioregionaldigital.com.br\/index.php?rest_route=%2Fwp%2Fv2%2Ftags&post=76529"}],"curies":[{"name":"wp","href":"https:\/\/api.w.org\/{rel}","templated":true}]}}