{"id":76519,"date":"2017-07-03T20:53:21","date_gmt":"2017-07-03T23:53:21","guid":{"rendered":"http:\/\/diarioregionaljf.com.br\/2017\/07\/03\/artrose-e-considerada-a-quarta-doenca-responsavel-pela-perda-da-qualidade-de-vida\/"},"modified":"2017-07-03T20:53:21","modified_gmt":"2017-07-03T23:53:21","slug":"artrose-e-considerada-a-quarta-doenca-responsavel-pela-perda-da-qualidade-de-vida","status":"publish","type":"post","link":"https:\/\/diarioregionaldigital.com.br\/?p=76519","title":{"rendered":"Artrose \u00e9 considerada a quarta doen\u00e7a respons\u00e1vel pela perda da qualidade de vida"},"content":{"rendered":"<p>A osteoartrite, tamb\u00e9m conhecida como artrose, \u00e9 uma doen\u00e7a articular degenerativa, sem cura, que afeta especialmente as articula\u00e7\u00f5es do joelho, quadril, coluna e das m\u00e3os. A patologia \u00e9 causada, muitas vezes, pelo excesso de exerc\u00edcios ou pela execu\u00e7\u00e3o dos mesmos de maneira incorreta.<\/p>\n<p>Segundo a m\u00e9dica fisiatra, Dra. P\u00e9rola Grinberg Plapler, a doen\u00e7a pode ter tr\u00eas causas principais. Uma delas \u00e9 o envelhecimento. \u201cAs pessoas, quando envelhecem, tem o envelhecimento da cartilagem, causando a doen\u00e7a\u201d, explica. Al\u00e9m disso, a artrose pode ocorrer em fun\u00e7\u00e3o de traumas que a pessoa tenha sofrido ou como consequ\u00eancia da obesidade. Neste caso, pode ser decorrente da sobrecarga sofrida pelas articula\u00e7\u00f5es ou pelo ac\u00famulo de gordura, principalmente abdominal, que lan\u00e7a na circula\u00e7\u00e3o substancias \u00e1cidas que causam a doen\u00e7a.<\/p>\n<p>A Organiza\u00e7\u00e3o Mundial da Sa\u00fade (OMS) comprovou que o problema est\u00e1 na quarta posi\u00e7\u00e3o entre as anomalias respons\u00e1veis pela perda da qualidade de vida das pessoas, pois provoca dores fortes e limita os movimentos. \u201cEla afeta principalmente o joelho e o quadril, ent\u00e3o as pessoas que tem a doen\u00e7a acabam ficando mais dependentes para realizar as atividades\u201d, explica P\u00e9rola.<\/p>\n<p>No Brasil, segundo dados do Minist\u00e9rio da Sa\u00fade, cerca de 7% da popula\u00e7\u00e3o possui artrose. De acordo com a Dra. P\u00e9rola Grinberg, em geral a doen\u00e7a afeta as pessoas acima de 50 anos, mas est\u00e1 sendo cada vez mais vista em pessoas jovens. \u201cNos jovens tem aparecido com mais frequencia por causa das atividades f\u00edsicas e esportivas, que s\u00e3o feitas com uma intensidade muito grande e \u00e0s vezes de forma errada\u201d, afirma P\u00e9rola. \u201cUma das melhores maneiras de prevenir \u00e9 fazer exerc\u00edcios de forma correta e ter um peso adequado\u201d, complementa.<br \/>A m\u00e9dica informou ainda que o uso de alguns medicamentos e suplementos alimentares &#8211; como as prote\u00ednas, que ajudam a formar mais cartilagem e retardar o envelhecimento da mesma &#8211; contribui para evitar e controlar a artrose.<\/p>\n","protected":false},"excerpt":{"rendered":"<p>A osteoartrite, tamb\u00e9m conhecida como artrose, \u00e9 uma doen\u00e7a articular degenerativa, sem cura, que afeta especialmente as articula\u00e7\u00f5es do joelho, quadril, coluna e das m\u00e3os. A patologia \u00e9 causada, muitas vezes, pelo excesso de exerc\u00edcios ou pela execu\u00e7\u00e3o dos mesmos de maneira incorreta. Segundo a m\u00e9dica fisiatra, Dra. P\u00e9rola Grinberg Plapler, a doen\u00e7a pode ter [&hellip;]<\/p>\n","protected":false},"author":96,"featured_media":76518,"comment_status":"closed","ping_status":"closed","sticky":false,"template":"","format":"standard","meta":{"footnotes":""},"categories":[253],"tags":[],"class_list":["post-76519","post","type-post","status-publish","format-standard","has-post-thumbnail","hentry","category-cidade"],"_links":{"self":[{"href":"https:\/\/diarioregionaldigital.com.br\/index.php?rest_route=\/wp\/v2\/posts\/76519","targetHints":{"allow":["GET"]}}],"collection":[{"href":"https:\/\/diarioregionaldigital.com.br\/index.php?rest_route=\/wp\/v2\/posts"}],"about":[{"href":"https:\/\/diarioregionaldigital.com.br\/index.php?rest_route=\/wp\/v2\/types\/post"}],"author":[{"embeddable":true,"href":"https:\/\/diarioregionaldigital.com.br\/index.php?rest_route=\/wp\/v2\/users\/96"}],"replies":[{"embeddable":true,"href":"https:\/\/diarioregionaldigital.com.br\/index.php?rest_route=%2Fwp%2Fv2%2Fcomments&post=76519"}],"version-history":[{"count":0,"href":"https:\/\/diarioregionaldigital.com.br\/index.php?rest_route=\/wp\/v2\/posts\/76519\/revisions"}],"wp:featuredmedia":[{"embeddable":true,"href":"https:\/\/diarioregionaldigital.com.br\/index.php?rest_route=\/wp\/v2\/media\/76518"}],"wp:attachment":[{"href":"https:\/\/diarioregionaldigital.com.br\/index.php?rest_route=%2Fwp%2Fv2%2Fmedia&parent=76519"}],"wp:term":[{"taxonomy":"category","embeddable":true,"href":"https:\/\/diarioregionaldigital.com.br\/index.php?rest_route=%2Fwp%2Fv2%2Fcategories&post=76519"},{"taxonomy":"post_tag","embeddable":true,"href":"https:\/\/diarioregionaldigital.com.br\/index.php?rest_route=%2Fwp%2Fv2%2Ftags&post=76519"}],"curies":[{"name":"wp","href":"https:\/\/api.w.org\/{rel}","templated":true}]}}