{"id":76517,"date":"2017-07-03T19:16:58","date_gmt":"2017-07-03T22:16:58","guid":{"rendered":"http:\/\/diarioregionaljf.com.br\/2017\/07\/03\/jovem-e-assaltado-no-centro\/"},"modified":"2017-07-03T19:16:58","modified_gmt":"2017-07-03T22:16:58","slug":"jovem-e-assaltado-no-centro","status":"publish","type":"post","link":"https:\/\/diarioregionaldigital.com.br\/?p=76517","title":{"rendered":"Jovem \u00e9 assaltado no centro"},"content":{"rendered":"<p>Um jovem de 18 anos foi assaltado no cruzamento da rua S\u00e3o Sebasti\u00e3o com a rua Constantino Paleta, no Centro, na noite de domingo, 2.<\/p>\n<p>Segundo informa\u00e7\u00f5es da Pol\u00edcia Militar (PM), a v\u00edtima relatou que estava indo para casa quando foi abordada por dois homens. Um dos suspeitos se aproximou e empurrou o jovem contra a parede. O homem simulou estar armado.<\/p>\n<p>Os suspeitos levaram o celular da v\u00edtima e fugiram no sentido da avenida Bar\u00e3o do Rio Branco. A PM fez rastreamento no local, mas ningu\u00e9m foi encontrado.<\/p>\n","protected":false},"excerpt":{"rendered":"<p>Um jovem de 18 anos foi assaltado no cruzamento da rua S\u00e3o Sebasti\u00e3o com a rua Constantino Paleta, no Centro, na noite de domingo, 2. Segundo informa\u00e7\u00f5es da Pol\u00edcia Militar (PM), a v\u00edtima relatou que estava indo para casa quando foi abordada por dois homens. Um dos suspeitos se aproximou e empurrou o jovem contra [&hellip;]<\/p>\n","protected":false},"author":96,"featured_media":76516,"comment_status":"closed","ping_status":"closed","sticky":false,"template":"","format":"standard","meta":{"footnotes":""},"categories":[253],"tags":[],"class_list":["post-76517","post","type-post","status-publish","format-standard","has-post-thumbnail","hentry","category-cidade"],"_links":{"self":[{"href":"https:\/\/diarioregionaldigital.com.br\/index.php?rest_route=\/wp\/v2\/posts\/76517","targetHints":{"allow":["GET"]}}],"collection":[{"href":"https:\/\/diarioregionaldigital.com.br\/index.php?rest_route=\/wp\/v2\/posts"}],"about":[{"href":"https:\/\/diarioregionaldigital.com.br\/index.php?rest_route=\/wp\/v2\/types\/post"}],"author":[{"embeddable":true,"href":"https:\/\/diarioregionaldigital.com.br\/index.php?rest_route=\/wp\/v2\/users\/96"}],"replies":[{"embeddable":true,"href":"https:\/\/diarioregionaldigital.com.br\/index.php?rest_route=%2Fwp%2Fv2%2Fcomments&post=76517"}],"version-history":[{"count":0,"href":"https:\/\/diarioregionaldigital.com.br\/index.php?rest_route=\/wp\/v2\/posts\/76517\/revisions"}],"wp:featuredmedia":[{"embeddable":true,"href":"https:\/\/diarioregionaldigital.com.br\/index.php?rest_route=\/wp\/v2\/media\/76516"}],"wp:attachment":[{"href":"https:\/\/diarioregionaldigital.com.br\/index.php?rest_route=%2Fwp%2Fv2%2Fmedia&parent=76517"}],"wp:term":[{"taxonomy":"category","embeddable":true,"href":"https:\/\/diarioregionaldigital.com.br\/index.php?rest_route=%2Fwp%2Fv2%2Fcategories&post=76517"},{"taxonomy":"post_tag","embeddable":true,"href":"https:\/\/diarioregionaldigital.com.br\/index.php?rest_route=%2Fwp%2Fv2%2Ftags&post=76517"}],"curies":[{"name":"wp","href":"https:\/\/api.w.org\/{rel}","templated":true}]}}