{"id":76515,"date":"2017-07-03T19:04:08","date_gmt":"2017-07-03T22:04:08","guid":{"rendered":"http:\/\/diarioregionaljf.com.br\/2017\/07\/03\/camara-de-alto-rio-doce-abre-concurso-publico\/"},"modified":"2017-07-03T19:04:08","modified_gmt":"2017-07-03T22:04:08","slug":"camara-de-alto-rio-doce-abre-concurso-publico","status":"publish","type":"post","link":"https:\/\/diarioregionaldigital.com.br\/?p=76515","title":{"rendered":"C\u00e2mara Municipal de Alto Rio Doce abre concurso p\u00fablico"},"content":{"rendered":"<p>A C\u00e2mara Municipal de Alto Rio Doce abriu concurso p\u00fablico para preencher 5 vagas em cargos de ensino fundamental, m\u00e9dio e superior. Os sal\u00e1rios variam entre R$ 937,00 e R$ 2.000,00.<\/p>\n<p>As oportunidades s\u00e3o para os cargos de Advogado (1), Assistente Administrativo (1), Auxiliar Administrativo (1), Auxiliar de Servi\u00e7os Gerais (1) e Contador (1).<\/p>\n<h4>INSCRI\u00c7\u00d5ES<\/h4>\n<p>As inscri\u00e7\u00f5es come\u00e7aram ontem, 3 de julho, e v\u00e3o at\u00e9 as 22h do dia 03 de agosto de 2017. Os interessados devem se inscrever via internet, pelo site www.ammabarbacena.com.br. A taxa de inscri\u00e7\u00e3o varia entre R$ 45,00 e R$ 100,00.<\/p>\n<h4>PROVAS<\/h4>\n<p>A prova escrita ser\u00e1 realizada no munic\u00edpio de Alto Rio Doce, no dia 03 de setembro de 2017, nos locais e hor\u00e1rios divulgados a partir do dia 21 de agosto atrav\u00e9s do site www.ammabarbacena.com.br ou na C\u00e2mara Municipal da cidade, na Avenida Carlos Couto, 32. Os gabaritos ser\u00e3o divulgados no dia 03 de setembro, \u00e0s 22h, no mesmo site.<\/p>\n<p>O prazo de validade do concurso \u00e9 de dois anos, a contar da data de publica\u00e7\u00e3o de sua homologa\u00e7\u00e3o, podendo ser prorrogado uma \u00fanica vez por igual per\u00edodo.<\/p>\n<p>Fonte: Assessoria<\/p>\n","protected":false},"excerpt":{"rendered":"<p>A C\u00e2mara Municipal de Alto Rio Doce abriu concurso p\u00fablico para preencher 5 vagas em cargos de ensino fundamental, m\u00e9dio e superior. Os sal\u00e1rios variam entre R$ 937,00 e R$ 2.000,00. As oportunidades s\u00e3o para os cargos de Advogado (1), Assistente Administrativo (1), Auxiliar Administrativo (1), Auxiliar de Servi\u00e7os Gerais (1) e Contador (1). INSCRI\u00c7\u00d5ES [&hellip;]<\/p>\n","protected":false},"author":96,"featured_media":76514,"comment_status":"closed","ping_status":"closed","sticky":false,"template":"","format":"standard","meta":{"footnotes":""},"categories":[252],"tags":[],"class_list":["post-76515","post","type-post","status-publish","format-standard","has-post-thumbnail","hentry","category-regiao"],"_links":{"self":[{"href":"https:\/\/diarioregionaldigital.com.br\/index.php?rest_route=\/wp\/v2\/posts\/76515","targetHints":{"allow":["GET"]}}],"collection":[{"href":"https:\/\/diarioregionaldigital.com.br\/index.php?rest_route=\/wp\/v2\/posts"}],"about":[{"href":"https:\/\/diarioregionaldigital.com.br\/index.php?rest_route=\/wp\/v2\/types\/post"}],"author":[{"embeddable":true,"href":"https:\/\/diarioregionaldigital.com.br\/index.php?rest_route=\/wp\/v2\/users\/96"}],"replies":[{"embeddable":true,"href":"https:\/\/diarioregionaldigital.com.br\/index.php?rest_route=%2Fwp%2Fv2%2Fcomments&post=76515"}],"version-history":[{"count":0,"href":"https:\/\/diarioregionaldigital.com.br\/index.php?rest_route=\/wp\/v2\/posts\/76515\/revisions"}],"wp:featuredmedia":[{"embeddable":true,"href":"https:\/\/diarioregionaldigital.com.br\/index.php?rest_route=\/wp\/v2\/media\/76514"}],"wp:attachment":[{"href":"https:\/\/diarioregionaldigital.com.br\/index.php?rest_route=%2Fwp%2Fv2%2Fmedia&parent=76515"}],"wp:term":[{"taxonomy":"category","embeddable":true,"href":"https:\/\/diarioregionaldigital.com.br\/index.php?rest_route=%2Fwp%2Fv2%2Fcategories&post=76515"},{"taxonomy":"post_tag","embeddable":true,"href":"https:\/\/diarioregionaldigital.com.br\/index.php?rest_route=%2Fwp%2Fv2%2Ftags&post=76515"}],"curies":[{"name":"wp","href":"https:\/\/api.w.org\/{rel}","templated":true}]}}