{"id":76513,"date":"2017-07-03T18:58:15","date_gmt":"2017-07-03T21:58:15","guid":{"rendered":"http:\/\/diarioregionaljf.com.br\/2017\/07\/03\/governo-do-estado-vai-capacitar-3-4-mil-conselheiros-da-saude-em-minas-gerais\/"},"modified":"2017-07-03T18:58:15","modified_gmt":"2017-07-03T21:58:15","slug":"governo-do-estado-vai-capacitar-3-4-mil-conselheiros-da-saude-em-minas-gerais","status":"publish","type":"post","link":"https:\/\/diarioregionaldigital.com.br\/?p=76513","title":{"rendered":"Governo do Estado vai capacitar 3,4 mil conselheiros da sa\u00fade em Minas Gerais"},"content":{"rendered":"<p>A Escola de Sa\u00fade P\u00fablica do Estado de Minas Gerais (ESP-MG) vai oferecer, em parceria com o Conselho Estadual de Sa\u00fade (CES-MG), o \u2018Curso de Qualifica\u00e7\u00e3o de Conselheiras e Conselheiros Municipais de Sa\u00fade\u2019. A iniciativa vai capacitar 3,4 mil pessoas que desempenham a fun\u00e7\u00e3o em Minas Gerais.<\/p>\n<p>A capacita\u00e7\u00e3o tem o objetivo de contribuir para a forma\u00e7\u00e3o de conselheiros e buscar melhorias para a estrutura do Conselho Municipal de Sa\u00fade, um desafio enfrentado nos colegiados que regem a Pol\u00edtica de Sa\u00fade nos 853 munic\u00edpios mineiros.<\/p>\n<p>\u201c\u00c9 uma iniciativa que qualificar\u00e1 pessoas em todo o estado para o Controle e a Participa\u00e7\u00e3o Social\u201d, garante a superintendente da Escola de Sa\u00fade P\u00fablica, Fernanda Maciel.<\/p>\n<p>O curso ser\u00e1 realizado em 18 cidades-sede: Alfenas, Barbacena, Belo Horizonte, Coronel Fabriciano, Diamantina, Divin\u00f3polis, Governador Valadares, Juiz de Fora, Montes Claros, Passos, Patos de Minas, Ponte Nova, Pouso Alegre, Sete Lagoas, Te\u00f3filo Otoni, Uberaba, Uberl\u00e2ndia e Varginha). Ter\u00e1 material did\u00e1tico pr\u00f3prio, elaborado conjuntamente pela ESP-MG e o CES-MG.<\/p>\n<p>Com dura\u00e7\u00e3o de 40 horas\/aulas, o curso tem previs\u00e3o de in\u00edcio para este m\u00eas e receber\u00e1 inscri\u00e7\u00f5es de quatro conselheiros de sa\u00fade por munic\u00edpio, por meio de cronograma elaborado pela ESP-MG e divulgado pelo conselho nos pr\u00f3ximos dias.<\/p>\n<p>O objetivo \u00e9 garantir aos conselheiros, informa\u00e7\u00f5es que os credenciem para a atua\u00e7\u00e3o na defesa e promo\u00e7\u00e3o do Sistema \u00danico de Sa\u00fade (SUS), com conhecimento espec\u00edfico de legisla\u00e7\u00e3o, or\u00e7amento e financiamento das Pol\u00edticas de Sa\u00fade.<\/p>\n<p>As aulas ir\u00e3o abordar as compet\u00eancias do conselheiro e dos conselhos municipais, al\u00e9m de apresentar o hist\u00f3rico do SUS e dialogar sobre gest\u00e3o do or\u00e7amento e financiamento da sa\u00fade.<\/p>\n<p>Encontrar respostas para enfrentar os desafios na gest\u00e3o do conselho \u00e9 o que espera o presidente do CMS de Governador Valadares, Erly Rodrigues da Silva. \u201cA forma\u00e7\u00e3o garantir\u00e1 o empoderamento dos conselheiros para o controle social, al\u00e9m de compartilhar informa\u00e7\u00f5es que podem contribuir com a estrutura do nosso conselho\u201d.<\/p>\n<p>\u201c\u00c9 imprescind\u00edvel que haja um mecanismo de forma\u00e7\u00e3o continuada das pessoas que assumem lugar nos espa\u00e7os deliberativos da Pol\u00edtica de Sa\u00fade. A capacita\u00e7\u00e3o ir\u00e1 ajud\u00e1-los a continuar a fazer esse importante trabalho que tem impacto direto na vida dos usu\u00e1rios dos servi\u00e7os de sa\u00fade\u201d, afirma o vice-presidente do CES-MG, Ederson Silva.<\/p>\n<p>Com a capacita\u00e7\u00e3o, Minas Gerais prioriza uma pol\u00edtica de educa\u00e7\u00e3o permanente para que os Conselhos de Sa\u00fade se empoderem e busquem assegurar o cumprimento da legisla\u00e7\u00e3o do SUS e a efic\u00e1cia do controle social.<br \/>Coordenadora da C\u00e2mara T\u00e9cnica de Educa\u00e7\u00e3o Permanente do CES-MG, Adriana Fernandes Caraj\u00e1 avalia positivamente a proposta da capacita\u00e7\u00e3o. \u201cUm caminho descentralizado de forma\u00e7\u00e3o permite que o processo seja realmente permanente, tornando os conselheiros multiplicadores do aprendizado, pessoas que retornam para suas localidades o investimento, o saber recebido\u201d, conclui.<\/p>\n<h4>PROFESSORES<\/h4>\n<p>Em Belo Horizonte, as aulas ser\u00e3o conduzidas pelo corpo docente da pr\u00f3pria Escola de Sa\u00fade P\u00fablica e docentes volunt\u00e1rios do CES-MG.<br \/>J\u00e1 no interior, o in\u00edcio das aulas aguarda a conclus\u00e3o do processo de contrata\u00e7\u00e3o de professores, por meio de credenciamento de docentes pela ESP-MG, com previs\u00e3o de abertura ainda no m\u00eas de julho.<br \/>Ser\u00e3o contratados 54 docentes, sendo tr\u00eas para cada munic\u00edpio, que ficar\u00e3o respons\u00e1veis por tr\u00eas disciplinas com conte\u00fado diferente. Os requisitos ir\u00e3o obedecer a forma\u00e7\u00e3o alinhada a cada tem\u00e1tica. Esses docentes obrigatoriamente n\u00e3o podem ser conselheiros de sa\u00fade.<\/p>\n<h4>INSCRI\u00c7\u00d5ES<\/h4>\n<p>Os conselheiros interessados em participar da capacita\u00e7\u00e3o dever\u00e3o ser inscritos via Conselho Municipal de origem. Ser\u00e3o destinadas quatro vagas para cada CMS, respeitando a paridade de g\u00eanero.<\/p>\n<p>Fonte: Ag\u00eancia Minas<\/p>\n","protected":false},"excerpt":{"rendered":"<p>A Escola de Sa\u00fade P\u00fablica do Estado de Minas Gerais (ESP-MG) vai oferecer, em parceria com o Conselho Estadual de Sa\u00fade (CES-MG), o \u2018Curso de Qualifica\u00e7\u00e3o de Conselheiras e Conselheiros Municipais de Sa\u00fade\u2019. A iniciativa vai capacitar 3,4 mil pessoas que desempenham a fun\u00e7\u00e3o em Minas Gerais. A capacita\u00e7\u00e3o tem o objetivo de contribuir para [&hellip;]<\/p>\n","protected":false},"author":96,"featured_media":76512,"comment_status":"closed","ping_status":"closed","sticky":false,"template":"","format":"standard","meta":{"footnotes":""},"categories":[252],"tags":[],"class_list":["post-76513","post","type-post","status-publish","format-standard","has-post-thumbnail","hentry","category-regiao"],"_links":{"self":[{"href":"https:\/\/diarioregionaldigital.com.br\/index.php?rest_route=\/wp\/v2\/posts\/76513","targetHints":{"allow":["GET"]}}],"collection":[{"href":"https:\/\/diarioregionaldigital.com.br\/index.php?rest_route=\/wp\/v2\/posts"}],"about":[{"href":"https:\/\/diarioregionaldigital.com.br\/index.php?rest_route=\/wp\/v2\/types\/post"}],"author":[{"embeddable":true,"href":"https:\/\/diarioregionaldigital.com.br\/index.php?rest_route=\/wp\/v2\/users\/96"}],"replies":[{"embeddable":true,"href":"https:\/\/diarioregionaldigital.com.br\/index.php?rest_route=%2Fwp%2Fv2%2Fcomments&post=76513"}],"version-history":[{"count":0,"href":"https:\/\/diarioregionaldigital.com.br\/index.php?rest_route=\/wp\/v2\/posts\/76513\/revisions"}],"wp:featuredmedia":[{"embeddable":true,"href":"https:\/\/diarioregionaldigital.com.br\/index.php?rest_route=\/wp\/v2\/media\/76512"}],"wp:attachment":[{"href":"https:\/\/diarioregionaldigital.com.br\/index.php?rest_route=%2Fwp%2Fv2%2Fmedia&parent=76513"}],"wp:term":[{"taxonomy":"category","embeddable":true,"href":"https:\/\/diarioregionaldigital.com.br\/index.php?rest_route=%2Fwp%2Fv2%2Fcategories&post=76513"},{"taxonomy":"post_tag","embeddable":true,"href":"https:\/\/diarioregionaldigital.com.br\/index.php?rest_route=%2Fwp%2Fv2%2Ftags&post=76513"}],"curies":[{"name":"wp","href":"https:\/\/api.w.org\/{rel}","templated":true}]}}