{"id":76501,"date":"2017-07-03T18:39:41","date_gmt":"2017-07-03T21:39:41","guid":{"rendered":"http:\/\/diarioregionaljf.com.br\/2017\/07\/03\/pre-sal-leva-producao-de-petroleo-a-crescer-pelo-terceiro-ano-consecutivo\/"},"modified":"2017-07-03T18:39:41","modified_gmt":"2017-07-03T21:39:41","slug":"pre-sal-leva-producao-de-petroleo-a-crescer-pelo-terceiro-ano-consecutivo","status":"publish","type":"post","link":"https:\/\/diarioregionaldigital.com.br\/?p=76501","title":{"rendered":"Pr\u00e9-sal leva produ\u00e7\u00e3o de petr\u00f3leo a crescer pelo terceiro ano consecutivo"},"content":{"rendered":"<p>Impulsionada pelos campos do pr\u00e9-sal da Bacia de Santos, a produ\u00e7\u00e3o de petr\u00f3leo nas bacias sedimentares do pa\u00eds cresceu pelo terceiro ano consecutivo. Dados divulgados pela Ag\u00eancia Nacional do Petr\u00f3leo, G\u00e1s Natural e Biocombust\u00edveis (ANP) mostram que, no ano passado, a produ\u00e7\u00e3o nacional cresceu 3,2%, atingindo 2,5 milh\u00f5es de barris\/dia.<\/p>\n<p>Os dados constam do Anu\u00e1rio Estat\u00edstico da ANP, relativo a 2016, e indicam que a eleva\u00e7\u00e3o da oferta de petr\u00f3leo do pr\u00e9-sal alcan\u00e7ou, no ano passado, a m\u00e9dia de 1 milh\u00e3o de barris por dia, uma varia\u00e7\u00e3o anual de 33,1%.<\/p>\n<p>J\u00e1 a produ\u00e7\u00e3o nacional de g\u00e1s natural teve acr\u00e9scimo de 7,9% em 2016, em rela\u00e7\u00e3o a 2015, alcan\u00e7ando 103,8 milh\u00f5es de metros c\u00fabicos por dia (m\u00b3\/dia). Segundo a ANP, a produ\u00e7\u00e3o de g\u00e1s natural do pr\u00e9-sal vem aumentando a participa\u00e7\u00e3o no total produzido no pa\u00eds. No ano passado, o g\u00e1s natural proveninente do pr\u00e9-sal correspondeu a 38,2% do total produzido.<\/p>\n<p>A avalia\u00e7\u00e3o da ANP \u00e9 de que \u201cos resultados obtidos no pr\u00e9-sal refor\u00e7am a atratividade dos blocos a serem ofertados nas pr\u00f3ximas rodadas de licita\u00e7\u00e3o, com calend\u00e1rio aprovado pelo Conselho Nacional de Pol\u00edtica Energ\u00e9tica (CNPE) para os pr\u00f3ximos tr\u00eas anos\u201d.<br \/>Segundo a ANP, a produ\u00e7\u00e3o de petr\u00f3leo e de g\u00e1s natural cresceu em maio deste ano, tanto em rela\u00e7\u00e3o ao m\u00eas de abril como a de maio do ano passado. A produ\u00e7\u00e3o totalizou em maio 2,6 milh\u00f5es de barris por dia, o que representa crescimento de 4,5% em rela\u00e7\u00e3o ao m\u00eas de abril e de 6,7 % em rela\u00e7\u00e3o a maio do ano passado.<\/p>\n<p>J\u00e1 a produ\u00e7\u00e3o de g\u00e1s natural atingiu 105 milh\u00f5es de metros c\u00fabicos por dia (m\u00b3d), registrando crescimento de 5% em rela\u00e7\u00e3o a maio do ano passado e de 2,1% sobre o m\u00eas imediatamente anterior. A produ\u00e7\u00e3o total de \u00f3leo e de g\u00e1s natural (petr\u00f3leo equivalente) em maio foi de aproximadamente 3,3 milh\u00f5es de barris por dia.<\/p>\n<p>Exporta\u00e7\u00e3o recorde<br \/>Os dados da ANP indicam ainda que as exporta\u00e7\u00f5es de petr\u00f3leo no ano passado totalizaram 798,2 mil barris por dia, o maior volume exportado de toda a s\u00e9rie hist\u00f3rica, e volume 8,3% maior do que em 2015. Como a produ\u00e7\u00e3o nacional aumentou, em 2016, o Brasil reduziu a necessidade de importa\u00e7\u00e3o de petr\u00f3leo em 44,9%, para uma m\u00e9dia di\u00e1ria de 178,6 mil barris.<\/p>\n<p>Por outro lado, os dados indicam que as vendas de derivados pelas distribuidoras no mercado interno registraram queda de 2,5%, em rela\u00e7\u00e3o a 2015. Isoladamente, as vendas de \u00f3leo diesel apresentaram queda de 5,1%, contrastando com a eleva\u00e7\u00e3o de 4,6% nas vendas de gasolina C, enquanto a comercializa\u00e7\u00e3o de etanol hidratado chegaram a cair 18,1%.<\/p>\n<p>Os n\u00fameros do setor indicam que o pa\u00eds fechou 2016 com uma queda de 6,3% na produ\u00e7\u00e3o nacional de derivados, em rela\u00e7\u00e3o a 2015, com o parque de refino processando 2 milh\u00f5es de barris por dia. Em consequ\u00eancia, o volume de importa\u00e7\u00f5es de derivados subiu de 10,1%, de 2015 para 2016, indo a 488,1 mil barris\/dia.<\/p>\n<p>&nbsp;<\/p>\n<p>&nbsp;<\/p>\n<hr \/>\n<p>Fonte: Ag\u00eancia Brasil<\/p>\n","protected":false},"excerpt":{"rendered":"<p>Impulsionada pelos campos do pr\u00e9-sal da Bacia de Santos, a produ\u00e7\u00e3o de petr\u00f3leo nas bacias sedimentares do pa\u00eds cresceu pelo terceiro ano consecutivo. Dados divulgados pela Ag\u00eancia Nacional do Petr\u00f3leo, G\u00e1s Natural e Biocombust\u00edveis (ANP) mostram que, no ano passado, a produ\u00e7\u00e3o nacional cresceu 3,2%, atingindo 2,5 milh\u00f5es de barris\/dia. Os dados constam do Anu\u00e1rio [&hellip;]<\/p>\n","protected":false},"author":96,"featured_media":76500,"comment_status":"closed","ping_status":"closed","sticky":false,"template":"","format":"standard","meta":{"footnotes":""},"categories":[261],"tags":[],"class_list":["post-76501","post","type-post","status-publish","format-standard","has-post-thumbnail","hentry","category-economia"],"_links":{"self":[{"href":"https:\/\/diarioregionaldigital.com.br\/index.php?rest_route=\/wp\/v2\/posts\/76501","targetHints":{"allow":["GET"]}}],"collection":[{"href":"https:\/\/diarioregionaldigital.com.br\/index.php?rest_route=\/wp\/v2\/posts"}],"about":[{"href":"https:\/\/diarioregionaldigital.com.br\/index.php?rest_route=\/wp\/v2\/types\/post"}],"author":[{"embeddable":true,"href":"https:\/\/diarioregionaldigital.com.br\/index.php?rest_route=\/wp\/v2\/users\/96"}],"replies":[{"embeddable":true,"href":"https:\/\/diarioregionaldigital.com.br\/index.php?rest_route=%2Fwp%2Fv2%2Fcomments&post=76501"}],"version-history":[{"count":0,"href":"https:\/\/diarioregionaldigital.com.br\/index.php?rest_route=\/wp\/v2\/posts\/76501\/revisions"}],"wp:featuredmedia":[{"embeddable":true,"href":"https:\/\/diarioregionaldigital.com.br\/index.php?rest_route=\/wp\/v2\/media\/76500"}],"wp:attachment":[{"href":"https:\/\/diarioregionaldigital.com.br\/index.php?rest_route=%2Fwp%2Fv2%2Fmedia&parent=76501"}],"wp:term":[{"taxonomy":"category","embeddable":true,"href":"https:\/\/diarioregionaldigital.com.br\/index.php?rest_route=%2Fwp%2Fv2%2Fcategories&post=76501"},{"taxonomy":"post_tag","embeddable":true,"href":"https:\/\/diarioregionaldigital.com.br\/index.php?rest_route=%2Fwp%2Fv2%2Ftags&post=76501"}],"curies":[{"name":"wp","href":"https:\/\/api.w.org\/{rel}","templated":true}]}}