{"id":76499,"date":"2017-07-03T18:34:08","date_gmt":"2017-07-03T21:34:08","guid":{"rendered":"http:\/\/diarioregionaljf.com.br\/2017\/07\/03\/receita-abre-parcelamento-de-dividas-para-microempreendedores-individuais\/"},"modified":"2017-07-03T18:34:08","modified_gmt":"2017-07-03T21:34:08","slug":"receita-abre-parcelamento-de-dividas-para-microempreendedores-individuais","status":"publish","type":"post","link":"https:\/\/diarioregionaldigital.com.br\/?p=76499","title":{"rendered":"Receita abre parcelamento de d\u00edvidas para microempreendedores individuais"},"content":{"rendered":"<p>J\u00e1 est\u00e1 aberto o prazo para os microempreendedores individuais (MEIs) pedirem o parcelamento de d\u00edvidas com a Receita Federal. Os d\u00e9bitos apurados na forma do Sistema de Recolhimento em Valores Fixos Mensais dos Tributos abrangidos pelo Simples Nacional (Simei) at\u00e9 a compet\u00eancia do m\u00eas de maio de 2016 poder\u00e3o ser pagos em at\u00e9 120 presta\u00e7\u00f5es.<\/p>\n<p>O pedido de parcelamento dever\u00e1 ser apresentado at\u00e9 o dia 2 de outubro de 2017, das 8h \u00e0s 20h, hor\u00e1rio de Bras\u00edlia, exclusivamente por meio do site da Receita Federal, do portal e-CAC ou do portal do Simples Nacional. Para o parcelamento, n\u00e3o \u00e9 necess\u00e1ria apresenta\u00e7\u00e3o de garantia. O valor m\u00ednimo das parcelas \u00e9 R$50.<\/p>\n<p>\u00c9 a primeira vez, desde a cria\u00e7\u00e3o do MEI, em 2009, que o governo abre um programa de parcelamento de d\u00e9bitos. De acordo com a instru\u00e7\u00e3o normativa que disciplina o parcelamento, n\u00e3o podem ser parcelados d\u00e9bitos, como os inscritos em D\u00edvida Ativa da Uni\u00e3o.<\/p>\n<p>No parcelamento ser\u00e1 poss\u00edvel reduzir o valor da multa. Haver\u00e1 redu\u00e7\u00e3o de 40% se o requerimento for feito no prazo de 30 dias, contado da data em que foi notificado do lan\u00e7amento ou de 20% se o pedido de parcelamento for feito no prazo de 30 dias, contado da data em que foi notificado da decis\u00e3o administrativa de primeira inst\u00e2ncia.<\/p>\n<p>&nbsp;<\/p>\n<p>Fonte: Ag\u00eancia Brasil<\/p>\n","protected":false},"excerpt":{"rendered":"<p>J\u00e1 est\u00e1 aberto o prazo para os microempreendedores individuais (MEIs) pedirem o parcelamento de d\u00edvidas com a Receita Federal. Os d\u00e9bitos apurados na forma do Sistema de Recolhimento em Valores Fixos Mensais dos Tributos abrangidos pelo Simples Nacional (Simei) at\u00e9 a compet\u00eancia do m\u00eas de maio de 2016 poder\u00e3o ser pagos em at\u00e9 120 presta\u00e7\u00f5es. [&hellip;]<\/p>\n","protected":false},"author":96,"featured_media":76498,"comment_status":"closed","ping_status":"closed","sticky":false,"template":"","format":"standard","meta":{"footnotes":""},"categories":[261],"tags":[],"class_list":["post-76499","post","type-post","status-publish","format-standard","has-post-thumbnail","hentry","category-economia"],"_links":{"self":[{"href":"https:\/\/diarioregionaldigital.com.br\/index.php?rest_route=\/wp\/v2\/posts\/76499","targetHints":{"allow":["GET"]}}],"collection":[{"href":"https:\/\/diarioregionaldigital.com.br\/index.php?rest_route=\/wp\/v2\/posts"}],"about":[{"href":"https:\/\/diarioregionaldigital.com.br\/index.php?rest_route=\/wp\/v2\/types\/post"}],"author":[{"embeddable":true,"href":"https:\/\/diarioregionaldigital.com.br\/index.php?rest_route=\/wp\/v2\/users\/96"}],"replies":[{"embeddable":true,"href":"https:\/\/diarioregionaldigital.com.br\/index.php?rest_route=%2Fwp%2Fv2%2Fcomments&post=76499"}],"version-history":[{"count":0,"href":"https:\/\/diarioregionaldigital.com.br\/index.php?rest_route=\/wp\/v2\/posts\/76499\/revisions"}],"wp:featuredmedia":[{"embeddable":true,"href":"https:\/\/diarioregionaldigital.com.br\/index.php?rest_route=\/wp\/v2\/media\/76498"}],"wp:attachment":[{"href":"https:\/\/diarioregionaldigital.com.br\/index.php?rest_route=%2Fwp%2Fv2%2Fmedia&parent=76499"}],"wp:term":[{"taxonomy":"category","embeddable":true,"href":"https:\/\/diarioregionaldigital.com.br\/index.php?rest_route=%2Fwp%2Fv2%2Fcategories&post=76499"},{"taxonomy":"post_tag","embeddable":true,"href":"https:\/\/diarioregionaldigital.com.br\/index.php?rest_route=%2Fwp%2Fv2%2Ftags&post=76499"}],"curies":[{"name":"wp","href":"https:\/\/api.w.org\/{rel}","templated":true}]}}