{"id":76487,"date":"2017-07-02T18:50:07","date_gmt":"2017-07-02T21:50:07","guid":{"rendered":"http:\/\/diarioregionaljf.com.br\/2017\/07\/02\/grave-acidente-deixa-9-vitimas-na-br-040\/"},"modified":"2017-07-02T18:50:07","modified_gmt":"2017-07-02T21:50:07","slug":"grave-acidente-deixa-9-vitimas-na-br-040","status":"publish","type":"post","link":"https:\/\/diarioregionaldigital.com.br\/?p=76487","title":{"rendered":"Acidente na BR-040 mata seis pessoas"},"content":{"rendered":"<p>Atualizado \u00e0s 21h30 de 03\/07\/2017<\/p>\n<p>Um grave acidente envolvendo um Celta e um Hyundai i30, na tarde desse domingo, 2, deixou seis pessoas mortas e outras tr\u00eas feridas. Os ve\u00edculos colidiram frontalmente na altura do KM 769 da BR-040, pr\u00f3ximo ao distrito de Dias Tavares, em Juiz de Fora.<\/p>\n<p>Segundo informa\u00e7\u00f5es da Pol\u00edcia Rodovi\u00e1ria Federal (PRF), o Celta, com placa de Juiz de Fora, trafegava no sentido Rio de Janeiro, quando o i30, que vinha na pista contr\u00e1ria, invadiu a contra m\u00e3o, provocando a batida. O impacto fez com que o Hyundai ca\u00edsse em um barranco.<\/p>\n<p>Cinco pessoas da mesma fam\u00edlia estavam no Celta, que retornava de um restaurante localizado no trecho. Dentre elas, uma mulher, de 27 anos e uma adolescente de 12, que morreram no local, al\u00e9m de uma senhora de 51 anos que foi encaminhada \u00e0 UPA Norte, em estado grave, vindo a falecer posteriormente. Segundo a PRF, as v\u00edtimas n\u00e3o estavam utilizando cinto de seguran\u00e7a, e uma crian\u00e7a de um ano estava sem a cadeirinha. A crian\u00e7a foi encaminhada \u00e0 Santa Casa, onde ficou internada em estado grave, no CTI e um homem, que n\u00e3o teve a idade divulgada, filho da senhora que faleceu na UPA Norte, foi socorrido e levado ao HPS. Conforme a Secretaria de Sa\u00fade, ele passou por cirurgia ap\u00f3s ter sido constatada uma fratura no f\u00eamur, est\u00e1 sedado e entubado.<\/p>\n<p>No ve\u00edculo Hyundai, tamb\u00e9m com placa de Juiz de Fora e que seguia para a cidade de Santos Dumont, estavam quatro pessoas que tamb\u00e9m tinham parentesco. Duas jovens de 19 e 20 anos, e um homem, de 31, vieram a \u00f3bito no local.Segundo informa\u00e7\u00f5es do Corpo de Bombeiros e da PRF, a jovem de 20 anos estava gr\u00e1vida de seis meses. Apesar dos primeiros socorros no local, o beb\u00ea tamb\u00e9m veio a \u00f3bito. Um quarto ocupante do i30, que tamb\u00e9m n\u00e3o teve idade divulgada, foi encaminhado \u00e0 UPA Norte, onde foi avaliado, medicado e liberado.<\/p>\n<p>Os corpos foram encaminhados para o IML em Juiz de Fora e foram liberados ainda nessa segunda-feira, 3.<\/p>\n","protected":false},"excerpt":{"rendered":"<p>Atualizado \u00e0s 21h30 de 03\/07\/2017 Um grave acidente envolvendo um Celta e um Hyundai i30, na tarde desse domingo, 2, deixou seis pessoas mortas e outras tr\u00eas feridas. Os ve\u00edculos colidiram frontalmente na altura do KM 769 da BR-040, pr\u00f3ximo ao distrito de Dias Tavares, em Juiz de Fora. Segundo informa\u00e7\u00f5es da Pol\u00edcia Rodovi\u00e1ria Federal [&hellip;]<\/p>\n","protected":false},"author":96,"featured_media":76486,"comment_status":"closed","ping_status":"closed","sticky":false,"template":"","format":"standard","meta":{"footnotes":""},"categories":[253],"tags":[],"class_list":["post-76487","post","type-post","status-publish","format-standard","has-post-thumbnail","hentry","category-cidade"],"_links":{"self":[{"href":"https:\/\/diarioregionaldigital.com.br\/index.php?rest_route=\/wp\/v2\/posts\/76487","targetHints":{"allow":["GET"]}}],"collection":[{"href":"https:\/\/diarioregionaldigital.com.br\/index.php?rest_route=\/wp\/v2\/posts"}],"about":[{"href":"https:\/\/diarioregionaldigital.com.br\/index.php?rest_route=\/wp\/v2\/types\/post"}],"author":[{"embeddable":true,"href":"https:\/\/diarioregionaldigital.com.br\/index.php?rest_route=\/wp\/v2\/users\/96"}],"replies":[{"embeddable":true,"href":"https:\/\/diarioregionaldigital.com.br\/index.php?rest_route=%2Fwp%2Fv2%2Fcomments&post=76487"}],"version-history":[{"count":0,"href":"https:\/\/diarioregionaldigital.com.br\/index.php?rest_route=\/wp\/v2\/posts\/76487\/revisions"}],"wp:featuredmedia":[{"embeddable":true,"href":"https:\/\/diarioregionaldigital.com.br\/index.php?rest_route=\/wp\/v2\/media\/76486"}],"wp:attachment":[{"href":"https:\/\/diarioregionaldigital.com.br\/index.php?rest_route=%2Fwp%2Fv2%2Fmedia&parent=76487"}],"wp:term":[{"taxonomy":"category","embeddable":true,"href":"https:\/\/diarioregionaldigital.com.br\/index.php?rest_route=%2Fwp%2Fv2%2Fcategories&post=76487"},{"taxonomy":"post_tag","embeddable":true,"href":"https:\/\/diarioregionaldigital.com.br\/index.php?rest_route=%2Fwp%2Fv2%2Ftags&post=76487"}],"curies":[{"name":"wp","href":"https:\/\/api.w.org\/{rel}","templated":true}]}}