{"id":76483,"date":"2017-07-01T16:07:40","date_gmt":"2017-07-01T19:07:40","guid":{"rendered":"http:\/\/diarioregionaljf.com.br\/2017\/07\/01\/programacao-especial-do-bem-comum-lazer-comeca-nesse-domingo\/"},"modified":"2017-07-01T16:07:40","modified_gmt":"2017-07-01T19:07:40","slug":"programacao-especial-do-bem-comum-lazer-comeca-nesse-domingo","status":"publish","type":"post","link":"https:\/\/diarioregionaldigital.com.br\/?p=76483","title":{"rendered":"Programa\u00e7\u00e3o especial do Bem Comum Lazer come\u00e7a nesse domingo"},"content":{"rendered":"<p>No m\u00eas de f\u00e9rias escolares, a Prefeitura de Juiz de Fora (PJF), atrav\u00e9s das secretarias de Transporte e Tr\u00e2nsito (Settra) e Comunica\u00e7\u00e3o Social (SCS), preparou uma programa\u00e7\u00e3o especial para o Projeto Bem Comum Lazer. Em tr\u00eas edi\u00e7\u00f5es este m\u00eas, ser\u00e3o realizadas diversas atividades especiais. Come\u00e7ando neste domingo, 2, com a parceria do \u201cCorpus N\u00facleo de Dan\u00e7a\u201d. Cerca de 50 alunos far\u00e3o apresenta\u00e7\u00f5es de estilos como jazz e sapateado, a partir das 11 horas.<\/p>\n<p>O espa\u00e7o do Bem Comum fica dispon\u00edvel para o p\u00fablico das 6 \u00e0s 13 horas. Para isso, a pista central da Avenida Rio Branco, no trecho entre a Rua Doutor Romualdo e a Avenida Doutor Jos\u00e9 Proc\u00f3pio Teixeira, ficar\u00e1 interditada ao tr\u00e2nsito de ve\u00edculos.<\/p>\n<p>No dia 9, ser\u00e1 realizada uma rua de lazer, com parceria do Servi\u00e7o Social do Com\u00e9rcio (Sesc). Haver\u00e1 camas el\u00e1sticas, brinquedos diversos, piscinas de bolinhas, mesas de pingue-pongue. \u201cplayground\u201d, \u201cslackline\u201d e videogames. Al\u00e9m de oficinas l\u00fadico-pedag\u00f3gicas, brincadeiras, dan\u00e7a e teatro, distribui\u00e7\u00e3o de materiais institucionais, pintura facial, brincadeiras envolvendo adultos e crian\u00e7as, coreografias de m\u00fasicas atuais e do folclore mineiro.<br \/>No dia 23, o Bem Comum ser\u00e1 realizado na Avenida Rio Branco, e as atra\u00e7\u00f5es ainda est\u00e3o sendo definidas.<\/p>\n<p><strong><span style=\"font-size: 14pt;\">Transporte Coletivo<\/span><\/strong><\/p>\n<p>Os \u00f4nibus que circulam no sentido dos bairros Manoel Hon\u00f3rio\/Bom Pastor deixar\u00e3o a faixa central no cruzamento com a Avenida Presidente Itamar Franco, devendo utilizar a pista lateral. Na dire\u00e7\u00e3o contr\u00e1ria, dever\u00e3o retornar \u00e0 faixa central no cruzamento com a Rua Doutor Romualdo. Os pontos de parada na pista lateral ser\u00e3o em frente aos atuais da pista central. Durante o evento, realizado pela PJF, haver\u00e1 agentes para garantir a fluidez do tr\u00e2nsito e a seguran\u00e7a dos participantes.<\/p>\n<p>Fonte: Assessoria \/ PJF<\/p>\n","protected":false},"excerpt":{"rendered":"<p>No m\u00eas de f\u00e9rias escolares, a Prefeitura de Juiz de Fora (PJF), atrav\u00e9s das secretarias de Transporte e Tr\u00e2nsito (Settra) e Comunica\u00e7\u00e3o Social (SCS), preparou uma programa\u00e7\u00e3o especial para o Projeto Bem Comum Lazer. Em tr\u00eas edi\u00e7\u00f5es este m\u00eas, ser\u00e3o realizadas diversas atividades especiais. Come\u00e7ando neste domingo, 2, com a parceria do \u201cCorpus N\u00facleo de [&hellip;]<\/p>\n","protected":false},"author":96,"featured_media":76482,"comment_status":"closed","ping_status":"closed","sticky":false,"template":"","format":"standard","meta":{"footnotes":""},"categories":[253],"tags":[],"class_list":["post-76483","post","type-post","status-publish","format-standard","has-post-thumbnail","hentry","category-cidade"],"_links":{"self":[{"href":"https:\/\/diarioregionaldigital.com.br\/index.php?rest_route=\/wp\/v2\/posts\/76483","targetHints":{"allow":["GET"]}}],"collection":[{"href":"https:\/\/diarioregionaldigital.com.br\/index.php?rest_route=\/wp\/v2\/posts"}],"about":[{"href":"https:\/\/diarioregionaldigital.com.br\/index.php?rest_route=\/wp\/v2\/types\/post"}],"author":[{"embeddable":true,"href":"https:\/\/diarioregionaldigital.com.br\/index.php?rest_route=\/wp\/v2\/users\/96"}],"replies":[{"embeddable":true,"href":"https:\/\/diarioregionaldigital.com.br\/index.php?rest_route=%2Fwp%2Fv2%2Fcomments&post=76483"}],"version-history":[{"count":0,"href":"https:\/\/diarioregionaldigital.com.br\/index.php?rest_route=\/wp\/v2\/posts\/76483\/revisions"}],"wp:featuredmedia":[{"embeddable":true,"href":"https:\/\/diarioregionaldigital.com.br\/index.php?rest_route=\/wp\/v2\/media\/76482"}],"wp:attachment":[{"href":"https:\/\/diarioregionaldigital.com.br\/index.php?rest_route=%2Fwp%2Fv2%2Fmedia&parent=76483"}],"wp:term":[{"taxonomy":"category","embeddable":true,"href":"https:\/\/diarioregionaldigital.com.br\/index.php?rest_route=%2Fwp%2Fv2%2Fcategories&post=76483"},{"taxonomy":"post_tag","embeddable":true,"href":"https:\/\/diarioregionaldigital.com.br\/index.php?rest_route=%2Fwp%2Fv2%2Ftags&post=76483"}],"curies":[{"name":"wp","href":"https:\/\/api.w.org\/{rel}","templated":true}]}}