{"id":76481,"date":"2017-07-01T15:56:39","date_gmt":"2017-07-01T18:56:39","guid":{"rendered":"http:\/\/diarioregionaljf.com.br\/2017\/07\/01\/onibus-extras-para-torcedores-de-tupi-e-volta-redonda\/"},"modified":"2017-07-01T15:56:39","modified_gmt":"2017-07-01T18:56:39","slug":"onibus-extras-para-torcedores-de-tupi-e-volta-redonda","status":"publish","type":"post","link":"https:\/\/diarioregionaldigital.com.br\/?p=76481","title":{"rendered":"\u00d4nibus extras para torcedores de Tupi e Volta Redonda"},"content":{"rendered":"<p>Neste s\u00e1bado, 1\u00b0 de julho, \u00e0s 21 horas, Tupi e Volta Redonda-RJ se enfrentar\u00e3o no Est\u00e1dio Municipal \u201cRadialista M\u00e1rio Hel\u00eanio&#8221;. Atendendo aos torcedores que assistir\u00e3o a partida, a Secretaria de Transporte e Tr\u00e2nsito (Settra) da Prefeitura de Juiz de Fora (PJF) disponibilizar\u00e1 \u00f4nibus extras. A partir das 19h30, os carros da Linha 517 (Est\u00e1dio) sair\u00e3o da Avenida Presidente Itamar Franco, em frente \u00e0 Ag\u00eancia de Prote\u00e7\u00e3o e Defesa do Consumidor (Procon). Ser\u00e1 permitido embarque ao longo do trajeto, e cobrada tarifa normal, de R$ 2,75.<\/p>\n<p>O trajeto, no sentido Centro\/bairro, ser\u00e1 pelas avenidas Presidente Itamar Franco e Eug\u00eanio do Nascimento, at\u00e9 o Est\u00e1dio Municipal. Na volta, o percurso ser\u00e1 pelas avenidas Eug\u00eanio do Nascimento e Presidente Itamar Franco, ruas Doutor Paulo de Frontin e Halfeld e avenidas Presidente Get\u00falio Vargas e Presidente Itamar Franco.<\/p>\n<p>Fonte: Assessoria \/ PJF<\/p>\n","protected":false},"excerpt":{"rendered":"<p>Neste s\u00e1bado, 1\u00b0 de julho, \u00e0s 21 horas, Tupi e Volta Redonda-RJ se enfrentar\u00e3o no Est\u00e1dio Municipal \u201cRadialista M\u00e1rio Hel\u00eanio&#8221;. Atendendo aos torcedores que assistir\u00e3o a partida, a Secretaria de Transporte e Tr\u00e2nsito (Settra) da Prefeitura de Juiz de Fora (PJF) disponibilizar\u00e1 \u00f4nibus extras. A partir das 19h30, os carros da Linha 517 (Est\u00e1dio) sair\u00e3o [&hellip;]<\/p>\n","protected":false},"author":96,"featured_media":76480,"comment_status":"closed","ping_status":"closed","sticky":false,"template":"","format":"standard","meta":{"footnotes":""},"categories":[257],"tags":[],"class_list":["post-76481","post","type-post","status-publish","format-standard","has-post-thumbnail","hentry","category-esporte"],"_links":{"self":[{"href":"https:\/\/diarioregionaldigital.com.br\/index.php?rest_route=\/wp\/v2\/posts\/76481","targetHints":{"allow":["GET"]}}],"collection":[{"href":"https:\/\/diarioregionaldigital.com.br\/index.php?rest_route=\/wp\/v2\/posts"}],"about":[{"href":"https:\/\/diarioregionaldigital.com.br\/index.php?rest_route=\/wp\/v2\/types\/post"}],"author":[{"embeddable":true,"href":"https:\/\/diarioregionaldigital.com.br\/index.php?rest_route=\/wp\/v2\/users\/96"}],"replies":[{"embeddable":true,"href":"https:\/\/diarioregionaldigital.com.br\/index.php?rest_route=%2Fwp%2Fv2%2Fcomments&post=76481"}],"version-history":[{"count":0,"href":"https:\/\/diarioregionaldigital.com.br\/index.php?rest_route=\/wp\/v2\/posts\/76481\/revisions"}],"wp:featuredmedia":[{"embeddable":true,"href":"https:\/\/diarioregionaldigital.com.br\/index.php?rest_route=\/wp\/v2\/media\/76480"}],"wp:attachment":[{"href":"https:\/\/diarioregionaldigital.com.br\/index.php?rest_route=%2Fwp%2Fv2%2Fmedia&parent=76481"}],"wp:term":[{"taxonomy":"category","embeddable":true,"href":"https:\/\/diarioregionaldigital.com.br\/index.php?rest_route=%2Fwp%2Fv2%2Fcategories&post=76481"},{"taxonomy":"post_tag","embeddable":true,"href":"https:\/\/diarioregionaldigital.com.br\/index.php?rest_route=%2Fwp%2Fv2%2Ftags&post=76481"}],"curies":[{"name":"wp","href":"https:\/\/api.w.org\/{rel}","templated":true}]}}