{"id":76440,"date":"2017-06-30T23:21:59","date_gmt":"2017-07-01T02:21:59","guid":{"rendered":"http:\/\/diarioregionaljf.com.br\/2017\/06\/30\/social-chique-3\/"},"modified":"2017-06-30T23:21:59","modified_gmt":"2017-07-01T02:21:59","slug":"social-chique-3","status":"publish","type":"post","link":"https:\/\/diarioregionaldigital.com.br\/?p=76440","title":{"rendered":"Social Chique"},"content":{"rendered":"<p style=\"text-align: center;\"><span class=\"h4\">Potencial<\/span><br \/>Vejam s\u00f3: com tirinhas que brincam com Deus, o quadrinista carioca Carlos Ruas arrasa e bate recorde no crowdfunding no Brasil. Com tr\u00eas milh\u00f5es de seguidores no Facebook, ele \u00e9 um dos talentos brasileiros que obt\u00e9m sucesso no financiamento coletivo. Ele arrecadou quase R$80 mil em apenas 24 horas, mostrando a for\u00e7a dos quadrinhos no meio virtual.<\/p>\n<p style=\"text-align: center;\"><span class=\"h4\">Uni\u00e3o<\/span><br \/>Juntando muita solidariedade tamb\u00e9m, neste domingo tem no Estacionamento do Carrefour o 16\u00ba Encontro AVA de Ve\u00edculos Antigos, Hot Street e VW Clube. Para alegrar, teremos barracas solid\u00e1rias com coquet\u00e9is especiais e sandu\u00edches veganos, com participa\u00e7\u00e3o da ABAN &#8211; Associa\u00e7\u00e3o dos Amigos, na Pra\u00e7a de Alimenta\u00e7\u00e3o.<\/p>\n<p style=\"text-align: center;\"><span class=\"h4\">Gastronomia<\/span><br \/>Em ritmo elegante, o cozinheiro estrelad\u00edssimo Caio Lery acionou panelas e ca\u00e7arolas preparando na Casa da Esquina um saboroso jantar italiano. No card\u00e1pio principal, linguine a la carbonara. Na mesa, Cinthia e Ricardo Lazzarini, Marcos e Carlos Reis, Simone Laguardia e C\u00e9lio Martins.<\/p>\n<p style=\"text-align: center;\"><span class=\"h4\">Som Brasil<\/span><br \/>Uma plateia ecl\u00e9tica reunindo gente da sociedade, universit\u00e1rios e muitos bicho-grilo, pipocou no Bar da F\u00e1brica o show Quarta Instrumental. No palco, os talentosos William Tonasso, Hugo Schettino e \u00c2ngelo Goulart. Com muitos aplausos, os m\u00fasicos sa\u00edram de cena aos gritos de mais um&#8230; mais um.<\/p>\n<p style=\"text-align: center;\"><span class=\"h3\">Social Chique<\/span><br \/>Foi na ensolarada Vit\u00f3ria no Esp\u00edrito Santo, que a bonita Isadora Policeni Zenkner comemorou seus 15 anos. Filha dos juiz-foranos Joj\u00f4 Policeni e Marcelo Zenkner, a deslumbrante festa teve como cen\u00e1rio o espa\u00e7o Lareira Up, que recebeu decora\u00e7\u00e3o da Eventos by Com, som e ilumina\u00e7\u00e3o da ONE, bolo e docinhos deliciosos by J\u00fanior Vieira e o eletrizante som do Dj Rodrigo Abelha. As fotos registram.<\/p>\n<p style=\"text-align: center;\"><img decoding=\"async\" class=\" size-full wp-image-76431\" src=\"http:\/\/diarioregionaljf.com.br\/wp-content\/uploads\/2017\/06\/diario-int-17339-1.jpg\" alt=\"FOTOA.jpg\" width=\"680\" style=\"display: block; margin-left: auto; margin-right: auto;\" srcset=\"https:\/\/diarioregionaldigital.com.br\/wp-content\/uploads\/2017\/06\/diario-int-17339-1.jpg 680w, https:\/\/diarioregionaldigital.com.br\/wp-content\/uploads\/2017\/06\/diario-int-17339-1-300x199.jpg 300w, https:\/\/diarioregionaldigital.com.br\/wp-content\/uploads\/2017\/06\/diario-int-17339-1-360x238.jpg 360w\" sizes=\"(max-width: 680px) 100vw, 680px\" \/>A linda Isadora Policeni Zenkner, no auge de seus 15 anos<\/p>\n<p style=\"text-align: center;\"><img decoding=\"async\" class=\" size-full wp-image-76432\" src=\"http:\/\/diarioregionaljf.com.br\/wp-content\/uploads\/2017\/06\/diario-int-17339-2.jpg\" alt=\"FOTOB.jpg\" width=\"680\" style=\"display: block; margin-left: auto; margin-right: auto;\" srcset=\"https:\/\/diarioregionaldigital.com.br\/wp-content\/uploads\/2017\/06\/diario-int-17339-2.jpg 680w, https:\/\/diarioregionaldigital.com.br\/wp-content\/uploads\/2017\/06\/diario-int-17339-2-300x176.jpg 300w, https:\/\/diarioregionaldigital.com.br\/wp-content\/uploads\/2017\/06\/diario-int-17339-2-360x211.jpg 360w\" sizes=\"(max-width: 680px) 100vw, 680px\" \/>Joj\u00f4 Policeni Zenkner, Isadora Policeni Zenkner, Marcelo Zenkner e Valentina Policeni Zenkner<\/p>\n<p style=\"text-align: center;\"><img decoding=\"async\" class=\" size-full wp-image-76433\" src=\"http:\/\/diarioregionaljf.com.br\/wp-content\/uploads\/2017\/06\/diario-int-17339-3.jpg\" alt=\"FOTOC.jpg\" width=\"680\" style=\"display: block; margin-left: auto; margin-right: auto;\" srcset=\"https:\/\/diarioregionaldigital.com.br\/wp-content\/uploads\/2017\/06\/diario-int-17339-3.jpg 680w, https:\/\/diarioregionaldigital.com.br\/wp-content\/uploads\/2017\/06\/diario-int-17339-3-300x191.jpg 300w, https:\/\/diarioregionaldigital.com.br\/wp-content\/uploads\/2017\/06\/diario-int-17339-3-360x230.jpg 360w\" sizes=\"(max-width: 680px) 100vw, 680px\" \/>Valentina Policeni Zenkner, Isadora Policeni Zenkner, Betina Policeni Albuquerque<\/p>\n<p style=\"text-align: center;\"><img decoding=\"async\" class=\" size-full wp-image-76434\" src=\"http:\/\/diarioregionaljf.com.br\/wp-content\/uploads\/2017\/06\/diario-int-17339-4.jpg\" alt=\"FOTOD.jpg\" width=\"680\" style=\"display: block; margin-left: auto; margin-right: auto;\" srcset=\"https:\/\/diarioregionaldigital.com.br\/wp-content\/uploads\/2017\/06\/diario-int-17339-4.jpg 680w, https:\/\/diarioregionaldigital.com.br\/wp-content\/uploads\/2017\/06\/diario-int-17339-4-300x199.jpg 300w, https:\/\/diarioregionaldigital.com.br\/wp-content\/uploads\/2017\/06\/diario-int-17339-4-360x238.jpg 360w\" sizes=\"(max-width: 680px) 100vw, 680px\" \/>Fernanda Falabella e Isadora Policeni Zenkner<\/p>\n<p style=\"text-align: center;\"><img decoding=\"async\" class=\" size-full wp-image-76435\" src=\"http:\/\/diarioregionaljf.com.br\/wp-content\/uploads\/2017\/06\/diario-int-17339-5.jpg\" alt=\"FOTOE.jpg\" width=\"680\" style=\"display: block; margin-left: auto; margin-right: auto;\" srcset=\"https:\/\/diarioregionaldigital.com.br\/wp-content\/uploads\/2017\/06\/diario-int-17339-5.jpg 680w, https:\/\/diarioregionaldigital.com.br\/wp-content\/uploads\/2017\/06\/diario-int-17339-5-266x300.jpg 266w, https:\/\/diarioregionaldigital.com.br\/wp-content\/uploads\/2017\/06\/diario-int-17339-5-360x407.jpg 360w\" sizes=\"(max-width: 680px) 100vw, 680px\" \/>Bailando em seus 15 anos, a diva Isadora Policeni Zenkner, vestiu grife Patr\u00edcia Bonaldi<\/p>\n<p style=\"text-align: center;\"><img decoding=\"async\" class=\" size-full wp-image-76436\" src=\"http:\/\/diarioregionaljf.com.br\/wp-content\/uploads\/2017\/06\/diario-int-17339-6.jpg\" alt=\"FOTOF.jpg\" width=\"680\" style=\"display: block; margin-left: auto; margin-right: auto;\" srcset=\"https:\/\/diarioregionaldigital.com.br\/wp-content\/uploads\/2017\/06\/diario-int-17339-6.jpg 680w, https:\/\/diarioregionaldigital.com.br\/wp-content\/uploads\/2017\/06\/diario-int-17339-6-300x221.jpg 300w, https:\/\/diarioregionaldigital.com.br\/wp-content\/uploads\/2017\/06\/diario-int-17339-6-360x265.jpg 360w\" sizes=\"(max-width: 680px) 100vw, 680px\" \/>Em Goian\u00e1, em Festa Junina, os lindos Felipe Silva e Taliza Xavier<\/p>\n<p style=\"text-align: center;\"><img decoding=\"async\" class=\" size-full wp-image-76437\" src=\"http:\/\/diarioregionaljf.com.br\/wp-content\/uploads\/2017\/06\/diario-int-17339-7.jpg\" alt=\"FOTOG.jpg\" width=\"680\" style=\"display: block; margin-left: auto; margin-right: auto;\" srcset=\"https:\/\/diarioregionaldigital.com.br\/wp-content\/uploads\/2017\/06\/diario-int-17339-7.jpg 680w, https:\/\/diarioregionaldigital.com.br\/wp-content\/uploads\/2017\/06\/diario-int-17339-7-300x199.jpg 300w, https:\/\/diarioregionaldigital.com.br\/wp-content\/uploads\/2017\/06\/diario-int-17339-7-360x238.jpg 360w\" sizes=\"(max-width: 680px) 100vw, 680px\" \/>Fazendo social, os chiques Karla Naresi, o colunista Caca Salermo e a m\u00e9dica Alice Amaral<\/p>\n<p style=\"text-align: center;\"><img decoding=\"async\" class=\" size-full wp-image-76438\" src=\"http:\/\/diarioregionaljf.com.br\/wp-content\/uploads\/2017\/06\/diario-int-17339-8.jpg\" alt=\"FOTOH.jpg\" width=\"680\" style=\"display: block; margin-left: auto; margin-right: auto;\" srcset=\"https:\/\/diarioregionaldigital.com.br\/wp-content\/uploads\/2017\/06\/diario-int-17339-8.jpg 680w, https:\/\/diarioregionaldigital.com.br\/wp-content\/uploads\/2017\/06\/diario-int-17339-8-300x169.jpg 300w, https:\/\/diarioregionaldigital.com.br\/wp-content\/uploads\/2017\/06\/diario-int-17339-8-360x203.jpg 360w\" sizes=\"(max-width: 680px) 100vw, 680px\" \/>Na Faculdade Universo, o diretor-geral Paulo S\u00e9rgio Morse recebeu Eduardo Gomes e o Hair Stilisty Rosenberg Frizeiro<\/p>\n<p style=\"text-align: center;\"><img decoding=\"async\" class=\" size-full wp-image-76439\" src=\"http:\/\/diarioregionaljf.com.br\/wp-content\/uploads\/2017\/06\/diario-int-17339-9.jpg\" alt=\"FOTOI.jpg\" width=\"680\" style=\"display: block; margin-left: auto; margin-right: auto;\" srcset=\"https:\/\/diarioregionaldigital.com.br\/wp-content\/uploads\/2017\/06\/diario-int-17339-9.jpg 680w, https:\/\/diarioregionaldigital.com.br\/wp-content\/uploads\/2017\/06\/diario-int-17339-9-300x199.jpg 300w, https:\/\/diarioregionaldigital.com.br\/wp-content\/uploads\/2017\/06\/diario-int-17339-9-360x238.jpg 360w\" sizes=\"(max-width: 680px) 100vw, 680px\" \/>Em Campos do Jord\u00e3o, as chiqu\u00e9rrimas, Eliana Aglio, Soria Calixto, Florinha Carmo e Maria Pires<\/p>\n<p class=\"h4\" style=\"text-align: center;\">FOTOSS\u00cdNTESE<\/p>\n<p>Catalizador de alto astral, Igor Carvalhaes promove em grande estilo mais uma Fest Groove, no Pub\u2019s. O calend\u00e1rio marca o dia 8 de julho, \u00e0s 23h. Nas carrapetas, DJs Kush, Earstrip e Clubbers. Este colunista vai comandar camarote de \u2018bunitus\u2019 e \u2018bunitas\u2019 de Juiz de Fora. Vai bombar!<\/p>\n<p>Foi na Guarda-Mirim a posse do novo conselho diretor do Rotary Clube Juiz de Fora Sul. O presidente \u00e9 Sime\u00e3o Feres Rodrigues e a vice, a advogada Joannyria Roselei Teixeira.<\/p>\n<p>Lembrete: o curso de f\u00e9rias do Ballet Missailidis, que ser\u00e1 realizado entre os dias 17 e 21 de julho, ser\u00e1 ministrado pela bailarina Paula Damiane, formada no Ballet Bolshoi.<\/p>\n<p>Tendo como cen\u00e1rio o espa\u00e7o de eventos Relaciono, o din\u00e2mico Marcello Pepe est\u00e1 agitando hor\u00e1rios para treinamentos sobre neg\u00f3cios e carreira.<\/p>\n<p>Dod\u00f4 Souza assina o visual lindo da Elemento Casa by Cristina Montanha. No d\u00e9cor a requintada linha de mobili\u00e1rio da Herval, al\u00e9m de obras do artista Adauto Venturi e lumin\u00e1rias da Casa e Luz.<\/p>\n<p>Sempre elegante e gentil, C\u00e9sar Romero destacou em sua coluna da TM, este colunista ladeado de Beto Souza, Sandra Portella e Marc\u00edlio Gomes. Merci.<\/p>\n<p>No dia 9 de julho, de 12 \u00e0s 16h, no Privil\u00e9ge tem a super 13\u00aa Feijoada Solid\u00e1ria da IMEPP. No palco, a cantora do momento Sandra Portella, Bachar\u00e9is do Samba e DJ. Promete \u2018causar\u2019!<\/p>\n<p>O Sindicato dos Estabelecimentos Particulares de Ensino (SINEPE sudeste-MG) promove no dia 6 de julho, no Ritz Plaza Hotel a Solenidade de Posse da Diretoria e Conselho Fiscal Gest\u00e3o 2017\/2020. Ser\u00e1 \u00e0s 19h30 a solenidade, seguido de coquetel. Convidando este colunista, a presidente Anna Gilda Dianin.<\/p>\n<p>Para alegrar o seu dia leitor amigo: a \u00fanica coisa importante de hoje seria que as pessoas aceitassem a necessidade de colaborar umas com as outras. Na aus\u00eancia dessa compreens\u00e3o, a energia dispon\u00edvel \u00e0 colabora\u00e7\u00e3o se transforma no oposto, disc\u00f3rdia. Bom dia.<\/p>\n","protected":false},"excerpt":{"rendered":"<p>PotencialVejam s\u00f3: com tirinhas que brincam com Deus, o quadrinista carioca Carlos Ruas arrasa e bate recorde no crowdfunding no Brasil. Com tr\u00eas milh\u00f5es de seguidores no Facebook, ele \u00e9 um dos talentos brasileiros que obt\u00e9m sucesso no financiamento coletivo. Ele arrecadou quase R$80 mil em apenas 24 horas, mostrando a for\u00e7a dos quadrinhos no [&hellip;]<\/p>\n","protected":false},"author":96,"featured_media":76430,"comment_status":"closed","ping_status":"closed","sticky":false,"template":"","format":"standard","meta":{"footnotes":""},"categories":[264],"tags":[],"class_list":["post-76440","post","type-post","status-publish","format-standard","has-post-thumbnail","hentry","category-eduardo-gomes"],"_links":{"self":[{"href":"https:\/\/diarioregionaldigital.com.br\/index.php?rest_route=\/wp\/v2\/posts\/76440","targetHints":{"allow":["GET"]}}],"collection":[{"href":"https:\/\/diarioregionaldigital.com.br\/index.php?rest_route=\/wp\/v2\/posts"}],"about":[{"href":"https:\/\/diarioregionaldigital.com.br\/index.php?rest_route=\/wp\/v2\/types\/post"}],"author":[{"embeddable":true,"href":"https:\/\/diarioregionaldigital.com.br\/index.php?rest_route=\/wp\/v2\/users\/96"}],"replies":[{"embeddable":true,"href":"https:\/\/diarioregionaldigital.com.br\/index.php?rest_route=%2Fwp%2Fv2%2Fcomments&post=76440"}],"version-history":[{"count":0,"href":"https:\/\/diarioregionaldigital.com.br\/index.php?rest_route=\/wp\/v2\/posts\/76440\/revisions"}],"wp:featuredmedia":[{"embeddable":true,"href":"https:\/\/diarioregionaldigital.com.br\/index.php?rest_route=\/wp\/v2\/media\/76430"}],"wp:attachment":[{"href":"https:\/\/diarioregionaldigital.com.br\/index.php?rest_route=%2Fwp%2Fv2%2Fmedia&parent=76440"}],"wp:term":[{"taxonomy":"category","embeddable":true,"href":"https:\/\/diarioregionaldigital.com.br\/index.php?rest_route=%2Fwp%2Fv2%2Fcategories&post=76440"},{"taxonomy":"post_tag","embeddable":true,"href":"https:\/\/diarioregionaldigital.com.br\/index.php?rest_route=%2Fwp%2Fv2%2Ftags&post=76440"}],"curies":[{"name":"wp","href":"https:\/\/api.w.org\/{rel}","templated":true}]}}