{"id":76429,"date":"2017-06-30T23:20:05","date_gmt":"2017-07-01T02:20:05","guid":{"rendered":"http:\/\/diarioregionaljf.com.br\/2017\/06\/30\/sonhos-ou-metas-tangiveis\/"},"modified":"2018-04-16T08:10:38","modified_gmt":"2018-04-16T11:10:38","slug":"sonhos-ou-metas-tangiveis","status":"publish","type":"post","link":"https:\/\/diarioregionaldigital.com.br\/?p=76429","title":{"rendered":"Sonhos ou metas tang\u00edveis?"},"content":{"rendered":"<p>Voc\u00ea, como todos os brasileiros, deve ter acompanhado, dia 29 de mar\u00e7o de 2006, a partida de Marcos Pontes, tenente-coronel da For\u00e7a A\u00e9rea Brasileira, rumo \u00e0 Esta\u00e7\u00e3o Espacial Internacional. Al\u00e9m do aspecto tecnol\u00f3gico, esse fato representa a realiza\u00e7\u00e3o de um sonho. Marcos Pontes, desde menino, sonhava com avi\u00f5es e naves espaciais. Vencendo dificuldades, ele estudou, trabalhou e chegou l\u00e1!<\/p>\n<p>Voc\u00ea tamb\u00e9m pode realizar seus sonhos. Depende s\u00f3 de voc\u00ea! Basta fazer escolhas coerentes com o seu objetivo de vida. Mas, para isso, \u00e9 preciso ter objetivos claros e bem definidos.<\/p>\n<p>\u201cQuando eu crescer, quero ser engenheiro\u201d, diz o menino de sete ou oito anos de idade, enquanto constr\u00f3i arranha-c\u00e9us com os blocos de seu jogo de armar. O problema \u00e9 que, depois que cresce, o menino acaba parando de escutar a sua crian\u00e7a interior. Come\u00e7a a trabalhar e, em vez de direcionar seu trabalho para a realiza\u00e7\u00e3o de seu sonho, vai se enfraquecendo e se distanciando deste, realizando fun\u00e7\u00f5es que n\u00e3o correspondem \u00e0quilo que sonhou um dia. Desvia-se facilmente do sonho, perde o rumo e, anos mais tarde, v\u00ea-se frustrado com a vida que leva.<\/p>\n<p>\u00c9 por isso que insisto na import\u00e2ncia de se identificar os sonhos, descrevendo-os com riqueza de detalhes, clareza, objetividade e prazo para acontecer. A partir do momento em que voc\u00ea tem isso, voc\u00ea pode planejar. E, planejando, voc\u00ea pode conquistar o que sonhou.<br \/>Planejar \u00e9 simples. Pegue uma folha de papel em branco. No topo da p\u00e1gina, escreva seu objetivo final e a data em que pretende realiz\u00e1-lo; e no rodap\u00e9, escreva onde voc\u00ea se encontra em rela\u00e7\u00e3o a esse objetivo e coloque a data do dia em que estiver escrevendo. Feito isso, comece, de baixo para cima, a tra\u00e7ar as etapas necess\u00e1rias \u00e0 conquista do seu objetivo. \u00c9 importante colocar data em cada etapa. S\u00f3 assim voc\u00ea ter\u00e1 como se orientar no cumprimento de cada uma delas. Isso o far\u00e1 enxergar a sua meta de modo mais realista, acreditando na possibilidade de alcan\u00e7\u00e1-la. Assim, em vez de um abismo entre voc\u00ea e a sua meta passa a existir uma ponte constitu\u00edda de etapas, e onde h\u00e1 uma ponte \u00e9 mais f\u00e1cil atravessar!<\/p>\n<p>Lembre-se de que tudo o que \u00e9 importante deve estar escrito, registrado, quer seja em uma agenda, num di\u00e1rio ou no seu computador. Se quando voc\u00ea vai assinar um contrato, qualquer que seja, ele est\u00e1 por escrito, porque voc\u00ea n\u00e3o pode fazer um contrato de responsabilidade com a sua vida, tamb\u00e9m por escrito?<\/p>\n<p>Se voc\u00ea quer ter energia para realizar um sonho, lembre-se sempre de que o sonho tem de ser seu. N\u00e3o vale fazer medicina porque sua m\u00e3e sonha ter um filho m\u00e9dico. Se ela sonha com medicina, ela que entre na faculdade. Voc\u00ea s\u00f3 conseguir\u00e1 comprometer-se com a realiza\u00e7\u00e3o de um sonho se ele for verdadeiro, aut\u00eantico. Voc\u00ea pode at\u00e9 entrar na faculdade de medicina, formar-se m\u00e9dico e ser um excelente m\u00e9dico, mas isso n\u00e3o \u00e9 garantia de que voc\u00ea ser\u00e1 uma pessoa realizada, feliz e motivada.<\/p>\n<p>Voc\u00ea \u00e9 a \u00fanica pessoa que pode viver a sua vida, n\u00e3o se esque\u00e7a disso! Mais ningu\u00e9m pode fazer isso por voc\u00ea. A sua vida \u00e9 hoje o que voc\u00ea determinou para ela. N\u00e3o adianta ficar culpando pais, chefes, o governo ou o planeta. Voc\u00ea \u00e9 o \u00fanico respons\u00e1vel pela sua vida, portanto, assuma essa responsabilidade. S\u00f3 voc\u00ea poder\u00e1 escolher entre uma estrada bem-cuidada, arborizada e segura ou uma estrada esburacada, escura e perigosa. A decis\u00e3o \u00e9 sua!<\/p>\n","protected":false},"excerpt":{"rendered":"<p>Voc\u00ea, como todos os brasileiros, deve ter acompanhado, dia 29 de mar\u00e7o de 2006, a partida de Marcos Pontes, tenente-coronel da For\u00e7a A\u00e9rea Brasileira, rumo \u00e0 Esta\u00e7\u00e3o Espacial Internacional. Al\u00e9m do aspecto tecnol\u00f3gico, esse fato representa a realiza\u00e7\u00e3o de um sonho. Marcos Pontes, desde menino, sonhava com avi\u00f5es e naves espaciais. Vencendo dificuldades, ele estudou, [&hellip;]<\/p>\n","protected":false},"author":96,"featured_media":0,"comment_status":"closed","ping_status":"closed","sticky":false,"template":"","format":"standard","meta":{"footnotes":""},"categories":[274],"tags":[],"class_list":["post-76429","post","type-post","status-publish","format-standard","hentry","category-dr-lair-ribeiro"],"_links":{"self":[{"href":"https:\/\/diarioregionaldigital.com.br\/index.php?rest_route=\/wp\/v2\/posts\/76429","targetHints":{"allow":["GET"]}}],"collection":[{"href":"https:\/\/diarioregionaldigital.com.br\/index.php?rest_route=\/wp\/v2\/posts"}],"about":[{"href":"https:\/\/diarioregionaldigital.com.br\/index.php?rest_route=\/wp\/v2\/types\/post"}],"author":[{"embeddable":true,"href":"https:\/\/diarioregionaldigital.com.br\/index.php?rest_route=\/wp\/v2\/users\/96"}],"replies":[{"embeddable":true,"href":"https:\/\/diarioregionaldigital.com.br\/index.php?rest_route=%2Fwp%2Fv2%2Fcomments&post=76429"}],"version-history":[{"count":0,"href":"https:\/\/diarioregionaldigital.com.br\/index.php?rest_route=\/wp\/v2\/posts\/76429\/revisions"}],"wp:attachment":[{"href":"https:\/\/diarioregionaldigital.com.br\/index.php?rest_route=%2Fwp%2Fv2%2Fmedia&parent=76429"}],"wp:term":[{"taxonomy":"category","embeddable":true,"href":"https:\/\/diarioregionaldigital.com.br\/index.php?rest_route=%2Fwp%2Fv2%2Fcategories&post=76429"},{"taxonomy":"post_tag","embeddable":true,"href":"https:\/\/diarioregionaldigital.com.br\/index.php?rest_route=%2Fwp%2Fv2%2Ftags&post=76429"}],"curies":[{"name":"wp","href":"https:\/\/api.w.org\/{rel}","templated":true}]}}