{"id":76425,"date":"2017-06-30T23:07:48","date_gmt":"2017-07-01T02:07:48","guid":{"rendered":"http:\/\/diarioregionaljf.com.br\/2017\/06\/30\/camara-aprova-pl-que-veta-uso-de-papel-de-baixa-qualidade-para-emissao-de-comprovantes-bancarios\/"},"modified":"2017-06-30T23:07:48","modified_gmt":"2017-07-01T02:07:48","slug":"camara-aprova-pl-que-veta-uso-de-papel-de-baixa-qualidade-para-emissao-de-comprovantes-bancarios","status":"publish","type":"post","link":"https:\/\/diarioregionaldigital.com.br\/?p=76425","title":{"rendered":"C\u00e2mara aprova PL que veta uso de papel de baixa qualidade para emiss\u00e3o de comprovantes banc\u00e1rios"},"content":{"rendered":"<p>O papel termossens\u00edvel, utilizado em dispositivos como caixas registradoras, m\u00e1quinas de cart\u00e3o e terminais banc\u00e1rios, est\u00e1 com os dias contados. Isto porque foi aprovado por unanimidade, na \u00faltima quinta-feira, 29, um Projeto de Lei (PL), de autoria do vereador Luiz Ot\u00e1vio Fernandes Coelho (Pardal \u2013 PTC), que prev\u00ea a proibi\u00e7\u00e3o deste tipo de material para impress\u00e3o de comprovantes de transa\u00e7\u00f5es financeiras. O PL segue agora \u00e0 san\u00e7\u00e3o do prefeito Bruno Siqueira.<\/p>\n<p>O texto do projeto ressalta que os comprovantes utilizados s\u00e3o de baixa qualidade, e os consumidores acabam sendo prejudicados por n\u00e3o poder controlar as caracter\u00edsticas do papel. Nesse sentido, os dados nele impressos desaparecem com o passar do tempo. \u201cA inten\u00e7\u00e3o do projeto \u00e9 dar mais seguran\u00e7a e garantia para as pessoas ao emitirem, por exemplo, extratos banc\u00e1rios, entre outros documentos\u201d, explica o vereador Pardal, ressaltando que a ideia de propor o projeto nasceu de sua experi\u00eancia enquanto consumidor, mas que ganhou for\u00e7a e representatividade por meio de muitas reclama\u00e7\u00f5es recebidas em seu gabinete.<\/p>\n<p>Por\u00e9m, o parlamentar acrescenta que n\u00e3o est\u00e1 prevista medida punitiva para as institui\u00e7\u00f5es que n\u00e3o cumprirem a nova regra. \u201cNossa inten\u00e7\u00e3o n\u00e3o \u00e9 penalizar, mas, apenas, assegurar o registro da informa\u00e7\u00e3o. \u00c9 importante ressaltar que al\u00e9m de pagar encargos provenientes da emiss\u00e3o de comprovantes, o cidad\u00e3o acaba tendo que gastar um pouco mais com o xerox destes documentos, caso necessite manter a informa\u00e7\u00e3o arquivada por um per\u00edodo maior de tempo\u201d, esclarece o vereador.<\/p>\n<p>O texto da proposta prev\u00ea, ainda, que as institui\u00e7\u00f5es que utilizarem o papel termossens\u00edvel para transa\u00e7\u00f5es comerciais e banc\u00e1rias ficar\u00e3o respons\u00e1veis, no prazo de dez anos, pelos preju\u00edzos causados aos destinat\u00e1rios.<\/p>\n","protected":false},"excerpt":{"rendered":"<p>O papel termossens\u00edvel, utilizado em dispositivos como caixas registradoras, m\u00e1quinas de cart\u00e3o e terminais banc\u00e1rios, est\u00e1 com os dias contados. Isto porque foi aprovado por unanimidade, na \u00faltima quinta-feira, 29, um Projeto de Lei (PL), de autoria do vereador Luiz Ot\u00e1vio Fernandes Coelho (Pardal \u2013 PTC), que prev\u00ea a proibi\u00e7\u00e3o deste tipo de material para [&hellip;]<\/p>\n","protected":false},"author":96,"featured_media":76424,"comment_status":"closed","ping_status":"closed","sticky":false,"template":"","format":"standard","meta":{"footnotes":""},"categories":[254],"tags":[],"class_list":["post-76425","post","type-post","status-publish","format-standard","has-post-thumbnail","hentry","category-politica"],"_links":{"self":[{"href":"https:\/\/diarioregionaldigital.com.br\/index.php?rest_route=\/wp\/v2\/posts\/76425","targetHints":{"allow":["GET"]}}],"collection":[{"href":"https:\/\/diarioregionaldigital.com.br\/index.php?rest_route=\/wp\/v2\/posts"}],"about":[{"href":"https:\/\/diarioregionaldigital.com.br\/index.php?rest_route=\/wp\/v2\/types\/post"}],"author":[{"embeddable":true,"href":"https:\/\/diarioregionaldigital.com.br\/index.php?rest_route=\/wp\/v2\/users\/96"}],"replies":[{"embeddable":true,"href":"https:\/\/diarioregionaldigital.com.br\/index.php?rest_route=%2Fwp%2Fv2%2Fcomments&post=76425"}],"version-history":[{"count":0,"href":"https:\/\/diarioregionaldigital.com.br\/index.php?rest_route=\/wp\/v2\/posts\/76425\/revisions"}],"wp:featuredmedia":[{"embeddable":true,"href":"https:\/\/diarioregionaldigital.com.br\/index.php?rest_route=\/wp\/v2\/media\/76424"}],"wp:attachment":[{"href":"https:\/\/diarioregionaldigital.com.br\/index.php?rest_route=%2Fwp%2Fv2%2Fmedia&parent=76425"}],"wp:term":[{"taxonomy":"category","embeddable":true,"href":"https:\/\/diarioregionaldigital.com.br\/index.php?rest_route=%2Fwp%2Fv2%2Fcategories&post=76425"},{"taxonomy":"post_tag","embeddable":true,"href":"https:\/\/diarioregionaldigital.com.br\/index.php?rest_route=%2Fwp%2Fv2%2Ftags&post=76425"}],"curies":[{"name":"wp","href":"https:\/\/api.w.org\/{rel}","templated":true}]}}