{"id":76402,"date":"2017-06-30T21:01:42","date_gmt":"2017-07-01T00:01:42","guid":{"rendered":"http:\/\/diarioregionaljf.com.br\/2017\/06\/30\/brinquedoteca-cidada-agora-tem-espaco-fixo\/"},"modified":"2017-06-30T21:01:42","modified_gmt":"2017-07-01T00:01:42","slug":"brinquedoteca-cidada-agora-tem-espaco-fixo","status":"publish","type":"post","link":"https:\/\/diarioregionaldigital.com.br\/?p=76402","title":{"rendered":"Brinquedoteca Cidad\u00e3 agora tem espa\u00e7o fixo"},"content":{"rendered":"<p>Criada em 2014 pela ONG Seguidores do Bem como um projeto itinerante, a Brinquedoteca Cidad\u00e3 agora possui uma sede fixa, que permite atender as crian\u00e7as com mais qualidade e conforto. A organiza\u00e7\u00e3o atende cerca de 160 crian\u00e7as por semana e tem o intuito de conscientiz\u00e1-las a cuidar do meio ambiente. \u201cAtingimos o nosso objetivo atrav\u00e9s de oficinas de reciclagem onde as crian\u00e7as montam seus pr\u00f3prios brinquedos, assistem palestras educativas e brincam com os brinquedos que montaram\u201d, afirma a organizadora do projeto, Kelly Brajato.<\/p>\n<p>As crian\u00e7as participam do projeto por meio das escolas que s\u00e3o vinculadas \u00e0 Brinquedoteca. A institui\u00e7\u00e3o se compromete com o transporte das crian\u00e7as da escola at\u00e9 a sede, onde as atividades s\u00e3o desenvolvidas. \u201cTudo isso \u00e9 oferecido pela institui\u00e7\u00e3o e n\u00e3o traz nenhum gasto para as escolas\u201d, explica Kelly.<\/p>\n<p>Em 2015, o projeto foi contemplado com um recurso do projeto Crian\u00e7a Esperan\u00e7a. O dinheiro foi investido na compra de um \u00f4nibus, que visitou 90% das escolas de Juiz de Fora, al\u00e9m de Organiza\u00e7\u00f5es N\u00e3o-Governamentais (ONGs) e comunidades. Dentro do \u00f4nibus eram levadas estruturas destinadas \u00e0 realiza\u00e7\u00e3o de diversas atividades, como pula- pula, m\u00e1quina de algod\u00e3o doce e os materiais recicl\u00e1veis para as crian\u00e7as montarem os brinquedos.<\/p>\n<p><strong>&nbsp;<\/strong><\/p>\n<h4><strong>INSITUI\u00c7\u00c3O PRECISA DE DOA\u00c7\u00d5ES<\/strong><\/h4>\n<p>O projeto \u00e9 mantido por meio doa\u00e7\u00f5es. \u201cPrecisamos de brinquedos, livros, materiais escolares, copos descart\u00e1veis, guardanapos, e lanches para serem oferecidos para as crian\u00e7as\u201d, diz a organizadora. \u201cTudo o que a popula\u00e7\u00e3o quiser doar vai ser muito bem vindo e n\u00f3s precisamos muito\u201d, complementa.<\/p>\n<p>Os interessados em contribuir podem entrar em contato pelos telefones (32) 3211-6536 ou (32) 98852-1999. As doa\u00e7\u00f5es tamb\u00e9m podem ser entregues na sede da Brinquedoteca, localizada na&nbsp; Rua Vicente Soares, 145, Bairro Santana, ou na ONG Seguidores do Bem, localizada na Rua dos Artistas, 370, Morro da Gloria.<\/p>\n","protected":false},"excerpt":{"rendered":"<p>Criada em 2014 pela ONG Seguidores do Bem como um projeto itinerante, a Brinquedoteca Cidad\u00e3 agora possui uma sede fixa, que permite atender as crian\u00e7as com mais qualidade e conforto. A organiza\u00e7\u00e3o atende cerca de 160 crian\u00e7as por semana e tem o intuito de conscientiz\u00e1-las a cuidar do meio ambiente. \u201cAtingimos o nosso objetivo atrav\u00e9s [&hellip;]<\/p>\n","protected":false},"author":96,"featured_media":76401,"comment_status":"closed","ping_status":"closed","sticky":false,"template":"","format":"standard","meta":{"footnotes":""},"categories":[253],"tags":[],"class_list":["post-76402","post","type-post","status-publish","format-standard","has-post-thumbnail","hentry","category-cidade"],"_links":{"self":[{"href":"https:\/\/diarioregionaldigital.com.br\/index.php?rest_route=\/wp\/v2\/posts\/76402","targetHints":{"allow":["GET"]}}],"collection":[{"href":"https:\/\/diarioregionaldigital.com.br\/index.php?rest_route=\/wp\/v2\/posts"}],"about":[{"href":"https:\/\/diarioregionaldigital.com.br\/index.php?rest_route=\/wp\/v2\/types\/post"}],"author":[{"embeddable":true,"href":"https:\/\/diarioregionaldigital.com.br\/index.php?rest_route=\/wp\/v2\/users\/96"}],"replies":[{"embeddable":true,"href":"https:\/\/diarioregionaldigital.com.br\/index.php?rest_route=%2Fwp%2Fv2%2Fcomments&post=76402"}],"version-history":[{"count":0,"href":"https:\/\/diarioregionaldigital.com.br\/index.php?rest_route=\/wp\/v2\/posts\/76402\/revisions"}],"wp:featuredmedia":[{"embeddable":true,"href":"https:\/\/diarioregionaldigital.com.br\/index.php?rest_route=\/wp\/v2\/media\/76401"}],"wp:attachment":[{"href":"https:\/\/diarioregionaldigital.com.br\/index.php?rest_route=%2Fwp%2Fv2%2Fmedia&parent=76402"}],"wp:term":[{"taxonomy":"category","embeddable":true,"href":"https:\/\/diarioregionaldigital.com.br\/index.php?rest_route=%2Fwp%2Fv2%2Fcategories&post=76402"},{"taxonomy":"post_tag","embeddable":true,"href":"https:\/\/diarioregionaldigital.com.br\/index.php?rest_route=%2Fwp%2Fv2%2Ftags&post=76402"}],"curies":[{"name":"wp","href":"https:\/\/api.w.org\/{rel}","templated":true}]}}