{"id":76394,"date":"2017-06-30T19:12:36","date_gmt":"2017-06-30T22:12:36","guid":{"rendered":"http:\/\/diarioregionaljf.com.br\/2017\/06\/30\/homem-sofre-tentativa-de-homicidio-no-ponte-preta\/"},"modified":"2017-06-30T19:12:36","modified_gmt":"2017-06-30T22:12:36","slug":"homem-sofre-tentativa-de-homicidio-no-ponte-preta","status":"publish","type":"post","link":"https:\/\/diarioregionaldigital.com.br\/?p=76394","title":{"rendered":"Homem sofre tentativa de homic\u00eddio no Ponte Preta"},"content":{"rendered":"<p>Um homem de 29 anos foi v\u00edtima de tentativa de homic\u00eddio na noite dessa quinta-feira, 29, na Rua Ary Gon\u00e7alves de Oliveira, situada no bairro Ponte Preta, Zona Norte.<\/p>\n<p>A irm\u00e3 da v\u00edtima relatou aos policiais militares que dois indiv\u00edduos chegaram em uma motocicleta e efetuaram v\u00e1rios disparos de arma de fogo contra o seu irm\u00e3o. A v\u00edtima identificou os autores, informando que os conhece h\u00e1 muito tempo. De acordo com a Pol\u00edcia Militar (PM), a m\u00e3e de um dos autores esteve no local do crime algumas horas antes, momento no qual teria discutido com a v\u00edtima e a agredido.<\/p>\n<p>Segundo funcion\u00e1rios do Hospital de Pronto Socorro (HPS), onde o homem foi internado, a v\u00edtima teria sido alvejada por tr\u00eas disparos, sendo um no abd\u00f4men, um na perna e outro nas costas.<\/p>\n<p>Os policiais realizaram o rastreamento dos suspeitos, mas n\u00e3o obtiveram \u00eaxito.<\/p>\n","protected":false},"excerpt":{"rendered":"<p>Um homem de 29 anos foi v\u00edtima de tentativa de homic\u00eddio na noite dessa quinta-feira, 29, na Rua Ary Gon\u00e7alves de Oliveira, situada no bairro Ponte Preta, Zona Norte. A irm\u00e3 da v\u00edtima relatou aos policiais militares que dois indiv\u00edduos chegaram em uma motocicleta e efetuaram v\u00e1rios disparos de arma de fogo contra o seu [&hellip;]<\/p>\n","protected":false},"author":96,"featured_media":76393,"comment_status":"closed","ping_status":"closed","sticky":false,"template":"","format":"standard","meta":{"footnotes":""},"categories":[253],"tags":[],"class_list":["post-76394","post","type-post","status-publish","format-standard","has-post-thumbnail","hentry","category-cidade"],"_links":{"self":[{"href":"https:\/\/diarioregionaldigital.com.br\/index.php?rest_route=\/wp\/v2\/posts\/76394","targetHints":{"allow":["GET"]}}],"collection":[{"href":"https:\/\/diarioregionaldigital.com.br\/index.php?rest_route=\/wp\/v2\/posts"}],"about":[{"href":"https:\/\/diarioregionaldigital.com.br\/index.php?rest_route=\/wp\/v2\/types\/post"}],"author":[{"embeddable":true,"href":"https:\/\/diarioregionaldigital.com.br\/index.php?rest_route=\/wp\/v2\/users\/96"}],"replies":[{"embeddable":true,"href":"https:\/\/diarioregionaldigital.com.br\/index.php?rest_route=%2Fwp%2Fv2%2Fcomments&post=76394"}],"version-history":[{"count":0,"href":"https:\/\/diarioregionaldigital.com.br\/index.php?rest_route=\/wp\/v2\/posts\/76394\/revisions"}],"wp:featuredmedia":[{"embeddable":true,"href":"https:\/\/diarioregionaldigital.com.br\/index.php?rest_route=\/wp\/v2\/media\/76393"}],"wp:attachment":[{"href":"https:\/\/diarioregionaldigital.com.br\/index.php?rest_route=%2Fwp%2Fv2%2Fmedia&parent=76394"}],"wp:term":[{"taxonomy":"category","embeddable":true,"href":"https:\/\/diarioregionaldigital.com.br\/index.php?rest_route=%2Fwp%2Fv2%2Fcategories&post=76394"},{"taxonomy":"post_tag","embeddable":true,"href":"https:\/\/diarioregionaldigital.com.br\/index.php?rest_route=%2Fwp%2Fv2%2Ftags&post=76394"}],"curies":[{"name":"wp","href":"https:\/\/api.w.org\/{rel}","templated":true}]}}