{"id":76388,"date":"2017-06-30T18:29:49","date_gmt":"2017-06-30T21:29:49","guid":{"rendered":"http:\/\/diarioregionaljf.com.br\/2017\/06\/30\/carmem-lucia-diz-que-clamor-por-justica-nao-sera-ignorado-pelo-stf\/"},"modified":"2017-06-30T18:29:49","modified_gmt":"2017-06-30T21:29:49","slug":"carmem-lucia-diz-que-clamor-por-justica-nao-sera-ignorado-pelo-stf","status":"publish","type":"post","link":"https:\/\/diarioregionaldigital.com.br\/?p=76388","title":{"rendered":"C\u00e1rmem L\u00facia diz que clamor por justi\u00e7a n\u00e3o ser\u00e1 ignorado pelo STF"},"content":{"rendered":"<p>A presidente do Supremo Tribunal Federal (STF), C\u00e1rmen L\u00facia, disse nessa sexta-feira, 30, que o clamor da sociedade brasileira por justi\u00e7a n\u00e3o ser\u00e1 ignorado pela Corte. A declara\u00e7\u00e3o da ministra foi feita durante discurso de encerramento dos trabalhos do primeiro semestre, marcado pela homologa\u00e7\u00e3o das dela\u00e7\u00f5es das empresas Odebrecht e JBS e pela morte do antigo relator da Opera\u00e7\u00e3o Lava Jato, ministro Teori Zavascki.<\/p>\n<p>\u201cO clamor por justi\u00e7a que se ouve em todos os cantos do pa\u00eds n\u00e3o ser\u00e1 ignorado em qualquer decis\u00e3o desta Corte. N\u00e3o seremos ausentes aos que de n\u00f3s esperam a atua\u00e7\u00e3o rigorosa para manter sua esperan\u00e7a de justi\u00e7a. N\u00e3o seremos avaros em nossa a\u00e7\u00e3o para garantir a efetividade da justi\u00e7a\u201d, disse a ministra.<\/p>\n<p>A partir dessa sexta-feira, os ministros entram em recesso de 30 dias, e os trabalhos ser\u00e3o retomados na primeira semana de agosto. Durante o per\u00edodo de recesso, C\u00e1rmen L\u00facia ser\u00e1 respons\u00e1vel pelo plant\u00e3o de decis\u00f5es.<\/p>\n<p>Eventuais recursos de presos a partir das dela\u00e7\u00f5es da JBS e sobre a tramita\u00e7\u00e3o da den\u00fancia apresentada pela Procuradoria-Geral da Rep\u00fablica (PGR) contra o presidente Michel Temer na C\u00e2mara dos Deputados ser\u00e3o julgados pela ministra.<\/p>\n","protected":false},"excerpt":{"rendered":"<p>A presidente do Supremo Tribunal Federal (STF), C\u00e1rmen L\u00facia, disse nessa sexta-feira, 30, que o clamor da sociedade brasileira por justi\u00e7a n\u00e3o ser\u00e1 ignorado pela Corte. A declara\u00e7\u00e3o da ministra foi feita durante discurso de encerramento dos trabalhos do primeiro semestre, marcado pela homologa\u00e7\u00e3o das dela\u00e7\u00f5es das empresas Odebrecht e JBS e pela morte do [&hellip;]<\/p>\n","protected":false},"author":96,"featured_media":76387,"comment_status":"closed","ping_status":"closed","sticky":false,"template":"","format":"standard","meta":{"footnotes":""},"categories":[254],"tags":[],"class_list":["post-76388","post","type-post","status-publish","format-standard","has-post-thumbnail","hentry","category-politica"],"_links":{"self":[{"href":"https:\/\/diarioregionaldigital.com.br\/index.php?rest_route=\/wp\/v2\/posts\/76388","targetHints":{"allow":["GET"]}}],"collection":[{"href":"https:\/\/diarioregionaldigital.com.br\/index.php?rest_route=\/wp\/v2\/posts"}],"about":[{"href":"https:\/\/diarioregionaldigital.com.br\/index.php?rest_route=\/wp\/v2\/types\/post"}],"author":[{"embeddable":true,"href":"https:\/\/diarioregionaldigital.com.br\/index.php?rest_route=\/wp\/v2\/users\/96"}],"replies":[{"embeddable":true,"href":"https:\/\/diarioregionaldigital.com.br\/index.php?rest_route=%2Fwp%2Fv2%2Fcomments&post=76388"}],"version-history":[{"count":0,"href":"https:\/\/diarioregionaldigital.com.br\/index.php?rest_route=\/wp\/v2\/posts\/76388\/revisions"}],"wp:featuredmedia":[{"embeddable":true,"href":"https:\/\/diarioregionaldigital.com.br\/index.php?rest_route=\/wp\/v2\/media\/76387"}],"wp:attachment":[{"href":"https:\/\/diarioregionaldigital.com.br\/index.php?rest_route=%2Fwp%2Fv2%2Fmedia&parent=76388"}],"wp:term":[{"taxonomy":"category","embeddable":true,"href":"https:\/\/diarioregionaldigital.com.br\/index.php?rest_route=%2Fwp%2Fv2%2Fcategories&post=76388"},{"taxonomy":"post_tag","embeddable":true,"href":"https:\/\/diarioregionaldigital.com.br\/index.php?rest_route=%2Fwp%2Fv2%2Ftags&post=76388"}],"curies":[{"name":"wp","href":"https:\/\/api.w.org\/{rel}","templated":true}]}}