{"id":76386,"date":"2017-06-30T18:14:28","date_gmt":"2017-06-30T21:14:28","guid":{"rendered":"http:\/\/diarioregionaljf.com.br\/2017\/06\/30\/banheiro-familia-em-estabelecimentos-comerciais-e-debatido-na-camara\/"},"modified":"2017-06-30T18:14:28","modified_gmt":"2017-06-30T21:14:28","slug":"banheiro-familia-em-estabelecimentos-comerciais-e-debatido-na-camara","status":"publish","type":"post","link":"https:\/\/diarioregionaldigital.com.br\/?p=76386","title":{"rendered":"Banheiro fam\u00edlia em estabelecimentos comerciais \u00e9 debatido na C\u00e2mara"},"content":{"rendered":"<p>Estabelecimentos comerciais com mais de 500 m\u00b2 podem ser obrigados a construir \u201cbanheiro fam\u00edlia\u201d em suas depend\u00eancias. \u00c9 o que prev\u00ea o projeto de lei (PL) de autoria do vereador Charlles Evangelista (PP). O tema entrou em segunda discuss\u00e3o nessa quinta-feira, 29, na C\u00e2mara Municipal.<\/p>\n<p>O texto explica que o banheiro poder\u00e1 ser utilizado por crian\u00e7as, de ambos os sexos, de at\u00e9 dez anos de idade, acompanhados por seus respons\u00e1veis, al\u00e9m de possuir todas as normas da vigil\u00e2ncia sanit\u00e1ria, com entrada gratuita.<\/p>\n<p>O autor da proposta esclareceu que esta \u00e9 uma forma de evitar constrangimentos e situa\u00e7\u00f5es embara\u00e7osas. \u201cO banheiro fam\u00edlia ser\u00e1 preparado para o pai, para a m\u00e3e ou para o respons\u00e1vel legal entrar com a crian\u00e7a com maior tranquilidade\u201d.<\/p>\n<p>Caso haja descumprimento da Lei, ser\u00e1 aplicada multa no valor de R$500 e, se houver reincid\u00eancia, multa de R$5 mil e suspens\u00e3o do alvar\u00e1.<\/p>\n<p>Fonte: Assessoria<\/p>\n","protected":false},"excerpt":{"rendered":"<p>Estabelecimentos comerciais com mais de 500 m\u00b2 podem ser obrigados a construir \u201cbanheiro fam\u00edlia\u201d em suas depend\u00eancias. \u00c9 o que prev\u00ea o projeto de lei (PL) de autoria do vereador Charlles Evangelista (PP). O tema entrou em segunda discuss\u00e3o nessa quinta-feira, 29, na C\u00e2mara Municipal. O texto explica que o banheiro poder\u00e1 ser utilizado por [&hellip;]<\/p>\n","protected":false},"author":96,"featured_media":76385,"comment_status":"closed","ping_status":"closed","sticky":false,"template":"","format":"standard","meta":{"footnotes":""},"categories":[254],"tags":[],"class_list":["post-76386","post","type-post","status-publish","format-standard","has-post-thumbnail","hentry","category-politica"],"_links":{"self":[{"href":"https:\/\/diarioregionaldigital.com.br\/index.php?rest_route=\/wp\/v2\/posts\/76386","targetHints":{"allow":["GET"]}}],"collection":[{"href":"https:\/\/diarioregionaldigital.com.br\/index.php?rest_route=\/wp\/v2\/posts"}],"about":[{"href":"https:\/\/diarioregionaldigital.com.br\/index.php?rest_route=\/wp\/v2\/types\/post"}],"author":[{"embeddable":true,"href":"https:\/\/diarioregionaldigital.com.br\/index.php?rest_route=\/wp\/v2\/users\/96"}],"replies":[{"embeddable":true,"href":"https:\/\/diarioregionaldigital.com.br\/index.php?rest_route=%2Fwp%2Fv2%2Fcomments&post=76386"}],"version-history":[{"count":0,"href":"https:\/\/diarioregionaldigital.com.br\/index.php?rest_route=\/wp\/v2\/posts\/76386\/revisions"}],"wp:featuredmedia":[{"embeddable":true,"href":"https:\/\/diarioregionaldigital.com.br\/index.php?rest_route=\/wp\/v2\/media\/76385"}],"wp:attachment":[{"href":"https:\/\/diarioregionaldigital.com.br\/index.php?rest_route=%2Fwp%2Fv2%2Fmedia&parent=76386"}],"wp:term":[{"taxonomy":"category","embeddable":true,"href":"https:\/\/diarioregionaldigital.com.br\/index.php?rest_route=%2Fwp%2Fv2%2Fcategories&post=76386"},{"taxonomy":"post_tag","embeddable":true,"href":"https:\/\/diarioregionaldigital.com.br\/index.php?rest_route=%2Fwp%2Fv2%2Ftags&post=76386"}],"curies":[{"name":"wp","href":"https:\/\/api.w.org\/{rel}","templated":true}]}}