{"id":76378,"date":"2017-06-30T14:36:22","date_gmt":"2017-06-30T17:36:22","guid":{"rendered":"http:\/\/diarioregionaljf.com.br\/2017\/06\/30\/luminarias-descoladas-e-ecologicas\/"},"modified":"2017-06-30T14:36:22","modified_gmt":"2017-06-30T17:36:22","slug":"luminarias-descoladas-e-ecologicas","status":"publish","type":"post","link":"https:\/\/diarioregionaldigital.com.br\/?p=76378","title":{"rendered":"Lumin\u00e1rias descoladas e ecol\u00f3gicas"},"content":{"rendered":"<p><a href=\"http:\/\/www.facebook.com\/argusarquitetura\" target=\"_blank\" rel=\"noopener noreferrer\"><img loading=\"lazy\" decoding=\"async\" class=\" size-full wp-image-76370\" src=\"http:\/\/diarioregionaljf.com.br\/wp-content\/uploads\/2017\/06\/diario-int-17310-1.jpg\" alt=\" cabecalho arquitetura\" width=\"641\" height=\"64\" srcset=\"https:\/\/diarioregionaldigital.com.br\/wp-content\/uploads\/2017\/06\/diario-int-17310-1.jpg 641w, https:\/\/diarioregionaldigital.com.br\/wp-content\/uploads\/2017\/06\/diario-int-17310-1-300x30.jpg 300w, https:\/\/diarioregionaldigital.com.br\/wp-content\/uploads\/2017\/06\/diario-int-17310-1-360x36.jpg 360w\" sizes=\"auto, (max-width: 641px) 100vw, 641px\" \/><\/a><br \/>O brasileiro \u00e9 um empreendedor nato. Segundo o SEBRAE, 40% possui uma empresa ou est\u00e1 envolvido na cria\u00e7\u00e3o de uma. Ficamos \u00e0 frente dos pa\u00edses dos Brics e, tamb\u00e9m, de na\u00e7\u00f5es desenvolvidas como Estados Unidos e Alemanha.<\/p>\n<p>Uma outra caracter\u00edstica interessante \u00e9 que a maioria empreende por oportunidade ao inv\u00e9s de por necessidade, ou seja, n\u00e3o empreendemos mais impulsionados pelas for\u00e7as das circunst\u00e2ncias, mas porque aprendemos a detectar oportunidades de neg\u00f3cio que o mercado desvela.<\/p>\n<p>Somos, por exemplo, o pa\u00eds que mais recicla latas de alum\u00ednio, 98% das embalagens. Mas, nesse caso, o fazemos pela necessidade de fugir da mis\u00e9ria.<\/p>\n<p>Se nesse quesito somos recordistas, com rela\u00e7\u00e3o ao total de res\u00edduos urbanos ficamos muito para tr\u00e1s, reciclando apenas 13%. Enquanto isso grandes pa\u00edses europeus alcan\u00e7am marcas pr\u00f3ximas aos 60%, transformando lixo em novas mat\u00e9rias primas e tamb\u00e9m em energia el\u00e9trica, combust\u00edvel e&#8230; renda, movimentando o equivalente a quase 1% do PIB.<\/p>\n<p>A necessidade de um comportamento mais sustent\u00e1vel \u00e9 premente nas cidades, e essa necessidade se transforma em uma boa oportunidade de neg\u00f3cios.<\/p>\n<p>A reciclagem \u00e9 um bom caminho. Mas o reuso, aliado \u00e0 nossa caracter\u00edstica empreendedora e criativa, pode ser uma oportunidade ainda mais sustent\u00e1vel e economicamente valiosa.<\/p>\n<p>Um bom exemplo, aplicado \u00e0 decora\u00e7\u00e3o, \u00e9 a reutiliza\u00e7\u00e3o de garrafas de vidro como lumin\u00e1rias, que criam pe\u00e7as charmosas e exclusivas, unindo o \u00fatil ao belo e agrad\u00e1vel.<\/p>\n<p><img loading=\"lazy\" decoding=\"async\" class=\" size-full wp-image-76371\" src=\"http:\/\/diarioregionaljf.com.br\/wp-content\/uploads\/2017\/06\/diario-int-17310-2.jpg\" alt=\"01\" width=\"641\" height=\"391\" srcset=\"https:\/\/diarioregionaldigital.com.br\/wp-content\/uploads\/2017\/06\/diario-int-17310-2.jpg 641w, https:\/\/diarioregionaldigital.com.br\/wp-content\/uploads\/2017\/06\/diario-int-17310-2-300x183.jpg 300w, https:\/\/diarioregionaldigital.com.br\/wp-content\/uploads\/2017\/06\/diario-int-17310-2-360x220.jpg 360w\" sizes=\"auto, (max-width: 641px) 100vw, 641px\" \/><br \/>Garrafas de vinho cortadas na base seguem a mesma linha de lumin\u00e1rias personalizadas.<\/p>\n<p><img loading=\"lazy\" decoding=\"async\" class=\" size-full wp-image-76372\" src=\"http:\/\/diarioregionaljf.com.br\/wp-content\/uploads\/2017\/06\/diario-int-17310-3.jpg\" alt=\"02\" width=\"640\" height=\"664\" srcset=\"https:\/\/diarioregionaldigital.com.br\/wp-content\/uploads\/2017\/06\/diario-int-17310-3.jpg 640w, https:\/\/diarioregionaldigital.com.br\/wp-content\/uploads\/2017\/06\/diario-int-17310-3-289x300.jpg 289w, https:\/\/diarioregionaldigital.com.br\/wp-content\/uploads\/2017\/06\/diario-int-17310-3-360x374.jpg 360w\" sizes=\"auto, (max-width: 640px) 100vw, 640px\" \/><br \/>Canos de PVC e garrafas de whiskey comp\u00f5em essa lumin\u00e1ria descolada para o espa\u00e7o gourmet.<\/p>\n<p><img loading=\"lazy\" decoding=\"async\" class=\" size-full wp-image-76373\" src=\"http:\/\/diarioregionaljf.com.br\/wp-content\/uploads\/2017\/06\/diario-int-17310-4.jpg\" alt=\"03\" width=\"640\" height=\"656\" srcset=\"https:\/\/diarioregionaldigital.com.br\/wp-content\/uploads\/2017\/06\/diario-int-17310-4.jpg 640w, https:\/\/diarioregionaldigital.com.br\/wp-content\/uploads\/2017\/06\/diario-int-17310-4-293x300.jpg 293w, https:\/\/diarioregionaldigital.com.br\/wp-content\/uploads\/2017\/06\/diario-int-17310-4-360x369.jpg 360w\" sizes=\"auto, (max-width: 640px) 100vw, 640px\" \/><br \/>Potes de vidro de conserva serviram com suporte para a cria\u00e7\u00e3o dessas pe\u00e7as r\u00fasticas e delicadas.&nbsp;Nesses casos \u00e9 necess\u00e1rio observar que as l\u00e2mpadas n\u00e3o podem ser incandescentes.<\/p>\n<p><img loading=\"lazy\" decoding=\"async\" class=\" size-full wp-image-76374\" src=\"http:\/\/diarioregionaljf.com.br\/wp-content\/uploads\/2017\/06\/diario-int-17310-5.jpg\" alt=\"04\" width=\"640\" height=\"409\" srcset=\"https:\/\/diarioregionaldigital.com.br\/wp-content\/uploads\/2017\/06\/diario-int-17310-5.jpg 640w, https:\/\/diarioregionaldigital.com.br\/wp-content\/uploads\/2017\/06\/diario-int-17310-5-300x192.jpg 300w, https:\/\/diarioregionaldigital.com.br\/wp-content\/uploads\/2017\/06\/diario-int-17310-5-360x230.jpg 360w\" sizes=\"auto, (max-width: 640px) 100vw, 640px\" \/><br \/>Com o uso da criatividade, x\u00edcaras e escorredores de macarr\u00e3o tamb\u00e9m podem se tornar luminosas ideias para pe\u00e7as de decora\u00e7\u00e3o<\/p>\n<p><img loading=\"lazy\" decoding=\"async\" class=\" size-full wp-image-76375\" src=\"http:\/\/diarioregionaljf.com.br\/wp-content\/uploads\/2017\/06\/diario-int-17310-6.jpg\" alt=\"05\" width=\"640\" height=\"959\" srcset=\"https:\/\/diarioregionaldigital.com.br\/wp-content\/uploads\/2017\/06\/diario-int-17310-6.jpg 640w, https:\/\/diarioregionaldigital.com.br\/wp-content\/uploads\/2017\/06\/diario-int-17310-6-200x300.jpg 200w, https:\/\/diarioregionaldigital.com.br\/wp-content\/uploads\/2017\/06\/diario-int-17310-6-360x539.jpg 360w\" sizes=\"auto, (max-width: 640px) 100vw, 640px\" \/><br \/>At\u00e9 os palets podem ser utilizados como lumin\u00e1rias. Em quest\u00e3o de reuso de objetos, o as fronteiras da imagina\u00e7\u00e3o s\u00e3o o limite.<\/p>\n<p><img loading=\"lazy\" decoding=\"async\" class=\" size-full wp-image-76376\" src=\"http:\/\/diarioregionaljf.com.br\/wp-content\/uploads\/2017\/06\/diario-int-17310-7.jpg\" alt=\"06\" width=\"641\" height=\"253\" srcset=\"https:\/\/diarioregionaldigital.com.br\/wp-content\/uploads\/2017\/06\/diario-int-17310-7.jpg 641w, https:\/\/diarioregionaldigital.com.br\/wp-content\/uploads\/2017\/06\/diario-int-17310-7-300x118.jpg 300w, https:\/\/diarioregionaldigital.com.br\/wp-content\/uploads\/2017\/06\/diario-int-17310-7-360x142.jpg 360w\" sizes=\"auto, (max-width: 641px) 100vw, 641px\" \/><\/p>\n<p><a href=\"http:\/\/www.facebook.com\/argusarquitetura\" target=\"_blank\" rel=\"noopener noreferrer\"><img loading=\"lazy\" decoding=\"async\" class=\" size-full wp-image-76377\" src=\"http:\/\/diarioregionaljf.com.br\/wp-content\/uploads\/2017\/06\/diario-int-17310-8.jpg\" alt=\"prop\" width=\"640\" height=\"283\" srcset=\"https:\/\/diarioregionaldigital.com.br\/wp-content\/uploads\/2017\/06\/diario-int-17310-8.jpg 640w, https:\/\/diarioregionaldigital.com.br\/wp-content\/uploads\/2017\/06\/diario-int-17310-8-300x133.jpg 300w, https:\/\/diarioregionaldigital.com.br\/wp-content\/uploads\/2017\/06\/diario-int-17310-8-360x159.jpg 360w\" sizes=\"auto, (max-width: 640px) 100vw, 640px\" \/><\/a><\/p>\n","protected":false},"excerpt":{"rendered":"<p>O brasileiro \u00e9 um empreendedor nato. Segundo o SEBRAE, 40% possui uma empresa ou est\u00e1 envolvido na cria\u00e7\u00e3o de uma. Ficamos \u00e0 frente dos pa\u00edses dos Brics e, tamb\u00e9m, de na\u00e7\u00f5es desenvolvidas como Estados Unidos e Alemanha. Uma outra caracter\u00edstica interessante \u00e9 que a maioria empreende por oportunidade ao inv\u00e9s de por necessidade, ou seja, [&hellip;]<\/p>\n","protected":false},"author":96,"featured_media":76369,"comment_status":"closed","ping_status":"closed","sticky":false,"template":"","format":"standard","meta":{"footnotes":""},"categories":[287],"tags":[],"class_list":["post-76378","post","type-post","status-publish","format-standard","has-post-thumbnail","hentry","category-arquitetura-fabiano-teixeira"],"_links":{"self":[{"href":"https:\/\/diarioregionaldigital.com.br\/index.php?rest_route=\/wp\/v2\/posts\/76378","targetHints":{"allow":["GET"]}}],"collection":[{"href":"https:\/\/diarioregionaldigital.com.br\/index.php?rest_route=\/wp\/v2\/posts"}],"about":[{"href":"https:\/\/diarioregionaldigital.com.br\/index.php?rest_route=\/wp\/v2\/types\/post"}],"author":[{"embeddable":true,"href":"https:\/\/diarioregionaldigital.com.br\/index.php?rest_route=\/wp\/v2\/users\/96"}],"replies":[{"embeddable":true,"href":"https:\/\/diarioregionaldigital.com.br\/index.php?rest_route=%2Fwp%2Fv2%2Fcomments&post=76378"}],"version-history":[{"count":0,"href":"https:\/\/diarioregionaldigital.com.br\/index.php?rest_route=\/wp\/v2\/posts\/76378\/revisions"}],"wp:featuredmedia":[{"embeddable":true,"href":"https:\/\/diarioregionaldigital.com.br\/index.php?rest_route=\/wp\/v2\/media\/76369"}],"wp:attachment":[{"href":"https:\/\/diarioregionaldigital.com.br\/index.php?rest_route=%2Fwp%2Fv2%2Fmedia&parent=76378"}],"wp:term":[{"taxonomy":"category","embeddable":true,"href":"https:\/\/diarioregionaldigital.com.br\/index.php?rest_route=%2Fwp%2Fv2%2Fcategories&post=76378"},{"taxonomy":"post_tag","embeddable":true,"href":"https:\/\/diarioregionaldigital.com.br\/index.php?rest_route=%2Fwp%2Fv2%2Ftags&post=76378"}],"curies":[{"name":"wp","href":"https:\/\/api.w.org\/{rel}","templated":true}]}}