{"id":76354,"date":"2017-06-30T01:01:52","date_gmt":"2017-06-30T04:01:52","guid":{"rendered":"http:\/\/diarioregionaljf.com.br\/2017\/06\/30\/tupi-x-volta-redonda-duelo-com-historia-e-rivalidade-no-mario-helenio\/"},"modified":"2017-06-30T01:01:52","modified_gmt":"2017-06-30T04:01:52","slug":"tupi-x-volta-redonda-duelo-com-historia-e-rivalidade-no-mario-helenio","status":"publish","type":"post","link":"https:\/\/diarioregionaldigital.com.br\/?p=76354","title":{"rendered":"TUPI x VOLTA REDONDA: DUELO COM HIST\u00d3RIA E RIVALIDADE NO M\u00c1RIO HEL\u00caNIO"},"content":{"rendered":"<p>Muito mist\u00e9rio nos \u00faltimos dias de treino do Galo Carij\u00f3 para o confronto deste s\u00e1bado, pelo Brasileiro S\u00e9rie C. Atividades com port\u00f5es fechados foram informadas. Mas, treinos escondidos, foi surpresa. O Tupi escondeu at\u00e9 da imprensa um treinamento. Divulgou na programa\u00e7\u00e3o uma coisa e fez outra. O treino secreto \u00e9 o \u201cpulo do gato\u201d para ganhar do volta\u00e7o. A partida ser\u00e1 \u00e0s 21h, com transmiss\u00e3o da R\u00e1dio Globo AM 910, narra\u00e7\u00e3o de Gustavo Fonseca e equipe.<\/p>\n<p>O jogo tem um tempero todo especial. Ex-carij\u00f3s est\u00e3o do outro lado: o treinador Felipe Surian, e os laterais\/meias Henrique e Michel Benhami. O encontro tem hist\u00f3ria. Em 2011, na virada \u00e9pica por 4 a 2 o carij\u00f3 arrancou para a conquista do t\u00edtulo brasileiro na S\u00e9rie D. Henrique foi um dos respons\u00e1veis pela vit\u00f3ria.<\/p>\n<p>O Galo deve atuar com Paulo Henrique; Lucas, Patrick, Fernando e Bruno Santos; Marcel e Leandro Bras\u00edlia; Diego Lu\u00eds e Luan; Romarinho e Fl\u00e1vio Carvalho (Andrey). Leandro Bras\u00edlia pode fazer sua estreia. Mas a escala\u00e7\u00e3o est\u00e1 mantida a sete chaves. Edm\u00e1rio, come\u00e7a ou n\u00e3o?<\/p>\n<p><strong>FILHO DE MARCELINHO CARIOCA NO TUPI!<\/strong><br \/>O meia-atacante de 23 anos, Lucas Surcin, est\u00e1 trabalhando com o elenco Carij\u00f3 para melhorar a parte f\u00edsica. O jogador veio a pedido do pai, Marcelinho Carioca, amigo de A\u00edlton Ferraz, e a princ\u00edpio n\u00e3o faz parte dos planos do alvinegro.<\/p>\n<p><strong>VENDA DE BILHETES<\/strong><br \/>Os ingressos est\u00e3o sendo vendidos a R$ 30 a inteira e R$ 15 a meia-entrada, com carga de 500 ingressos. A abertura dos port\u00f5es ser\u00e1 \u00e0s 20h. As 50 primeiras mulheres ter\u00e3o entrada franca. Crian\u00e7as de at\u00e9 12 anos n\u00e3o pagam ingresso e a entrada de todos os torcedores ser\u00e1 realizada apenas pela entrada principal.<\/p>\n<p>Haver\u00e1 transporte coletivo p\u00fablico para a partida a partir das 19h30 de s\u00e1bado, com sa\u00edda da Avenida Presidente Itamar Franco. A descida do est\u00e1dio ser\u00e1 at\u00e9 \u00e0s 22h40.<\/p>\n<p>Hor\u00e1rios e pontos de venda de ingressos: Sede social do Tupi, de 9h \u00e0s 18h,nesta sexta. No s\u00e1bado, at\u00e9 12h30. Posto da Liga de Futebol: Cal\u00e7ad\u00e3o, sexta de 9 \u00e0s 17h e s\u00e1bado de 9h \u00e0s 12h30; Est\u00e1dio M\u00e1rio Hel\u00eanio, neste s\u00e1bado a partir das 20h.<\/p>\n","protected":false},"excerpt":{"rendered":"<p>Muito mist\u00e9rio nos \u00faltimos dias de treino do Galo Carij\u00f3 para o confronto deste s\u00e1bado, pelo Brasileiro S\u00e9rie C. Atividades com port\u00f5es fechados foram informadas. Mas, treinos escondidos, foi surpresa. O Tupi escondeu at\u00e9 da imprensa um treinamento. Divulgou na programa\u00e7\u00e3o uma coisa e fez outra. O treino secreto \u00e9 o \u201cpulo do gato\u201d para [&hellip;]<\/p>\n","protected":false},"author":96,"featured_media":76353,"comment_status":"closed","ping_status":"closed","sticky":false,"template":"","format":"standard","meta":{"footnotes":""},"categories":[257],"tags":[],"class_list":["post-76354","post","type-post","status-publish","format-standard","has-post-thumbnail","hentry","category-esporte"],"_links":{"self":[{"href":"https:\/\/diarioregionaldigital.com.br\/index.php?rest_route=\/wp\/v2\/posts\/76354","targetHints":{"allow":["GET"]}}],"collection":[{"href":"https:\/\/diarioregionaldigital.com.br\/index.php?rest_route=\/wp\/v2\/posts"}],"about":[{"href":"https:\/\/diarioregionaldigital.com.br\/index.php?rest_route=\/wp\/v2\/types\/post"}],"author":[{"embeddable":true,"href":"https:\/\/diarioregionaldigital.com.br\/index.php?rest_route=\/wp\/v2\/users\/96"}],"replies":[{"embeddable":true,"href":"https:\/\/diarioregionaldigital.com.br\/index.php?rest_route=%2Fwp%2Fv2%2Fcomments&post=76354"}],"version-history":[{"count":0,"href":"https:\/\/diarioregionaldigital.com.br\/index.php?rest_route=\/wp\/v2\/posts\/76354\/revisions"}],"wp:featuredmedia":[{"embeddable":true,"href":"https:\/\/diarioregionaldigital.com.br\/index.php?rest_route=\/wp\/v2\/media\/76353"}],"wp:attachment":[{"href":"https:\/\/diarioregionaldigital.com.br\/index.php?rest_route=%2Fwp%2Fv2%2Fmedia&parent=76354"}],"wp:term":[{"taxonomy":"category","embeddable":true,"href":"https:\/\/diarioregionaldigital.com.br\/index.php?rest_route=%2Fwp%2Fv2%2Fcategories&post=76354"},{"taxonomy":"post_tag","embeddable":true,"href":"https:\/\/diarioregionaldigital.com.br\/index.php?rest_route=%2Fwp%2Fv2%2Ftags&post=76354"}],"curies":[{"name":"wp","href":"https:\/\/api.w.org\/{rel}","templated":true}]}}