{"id":76347,"date":"2017-06-29T23:33:45","date_gmt":"2017-06-30T02:33:45","guid":{"rendered":"http:\/\/diarioregionaljf.com.br\/2017\/06\/29\/moradora-denuncia-problemas-ocasionados-por-falta-de-capina\/"},"modified":"2017-06-29T23:33:45","modified_gmt":"2017-06-30T02:33:45","slug":"moradora-denuncia-problemas-ocasionados-por-falta-de-capina","status":"publish","type":"post","link":"https:\/\/diarioregionaldigital.com.br\/?p=76347","title":{"rendered":"Moradora denuncia problemas ocasionados por falta de capina"},"content":{"rendered":"<p>Moradores do bairro Nossa Senhora de F\u00e1tima, zona Oeste, est\u00e3o incomodados com a falta de capina em uma cal\u00e7ada da Rua Maria Teixeira Lopes, entre os n\u00fameros 48 e 83. Conforme o relato de uma leitora que n\u00e3o quis se identificar, em frente \u00e0 casa de outra moradora, existem plantas com espinhos por todo o passeio, impedindo a circula\u00e7\u00e3o no local.<\/p>\n<p>\u201cEssas plantas est\u00e3o na cal\u00e7ada e em volta da resid\u00eancia. Elas obstruem a nossa passagem, for\u00e7ando o deslocamento para dentro da via p\u00fablica. Inclusive, quando vem algum carro, praticamente n\u00e3o tem como subir no passeio\u201d, explicou a reclamante.<\/p>\n<p>Ainda segundo a moradora, a capina da cal\u00e7ada j\u00e1 foi solicitada junto \u00e0 Prefeitura por diversas vezes. \u201cSempre que a Prefeitura vem capinar o local, a residente e dona das plantas, impede a a\u00e7\u00e3o dos servidores. Est\u00e1 ficando muito perigoso. Al\u00e9m de n\u00e3o sabermos a esp\u00e9cie da vegeta\u00e7\u00e3o, se \u00e9 venenosa ou n\u00e3o, estamos com a nossa integridade em risco, sobretudo, por ter que caminhar no tr\u00e2nsito dos ve\u00edculos\u201d, acrescentou.<\/p>\n<p><strong>NOTA DA PJF<\/strong><\/p>\n<p>Em nota, a Secretaria de Atividades Urbanas (SAL) da Prefeitura de Juiz de Fora (PJF) informou que, de acordo com o Artigo n\u00b0. 29 do C\u00f3digo de Posturas no Munic\u00edpio, os propriet\u00e1rios ou possuidores de im\u00f3veis, edificados ou n\u00e3o, servidos por vias p\u00fablicas pavimentadas e dotadas de guias ou sarjetas, s\u00e3o obrigados a construir e conservar os respectivos passeios, mantendo-os em perfeito estado de conserva\u00e7\u00e3o em toda a extens\u00e3o de testada, respeitando-se as caracter\u00edsticas originais do solo em caso de declive e normas das legisla\u00e7\u00f5es espec\u00edficas. Al\u00e9m disso, o Artigo n\u00b0. 63 diz que \u00e9 proibido dificultar ou impedir, por qualquer meio, o livre tr\u00e2nsito de pedestres ou ve\u00edculos, exceto nos casos autorizados previamente.<\/p>\n<p>A SAU tamb\u00e9m comunicou que esta situa\u00e7\u00e3o pode ser repassada aos \u00f3rg\u00e3os de fiscaliza\u00e7\u00e3o por telefone, conforme a localidade do problema. S\u00e3o eles:<\/p>\n<p>Centro I: 3690-8377<br \/>Centro II: 3690-8379<br \/>Sul: 3690-8304<br \/>Sudeste: 3690-7709<br \/>Leste: 2104-8402<br \/>Oeste: 3690-8288<br \/>Norte: 3690-7929<br \/>Nordeste: 3690-7883<\/p>\n","protected":false},"excerpt":{"rendered":"<p>Moradores do bairro Nossa Senhora de F\u00e1tima, zona Oeste, est\u00e3o incomodados com a falta de capina em uma cal\u00e7ada da Rua Maria Teixeira Lopes, entre os n\u00fameros 48 e 83. Conforme o relato de uma leitora que n\u00e3o quis se identificar, em frente \u00e0 casa de outra moradora, existem plantas com espinhos por todo o [&hellip;]<\/p>\n","protected":false},"author":96,"featured_media":0,"comment_status":"closed","ping_status":"closed","sticky":false,"template":"","format":"standard","meta":{"footnotes":""},"categories":[253],"tags":[],"class_list":["post-76347","post","type-post","status-publish","format-standard","hentry","category-cidade"],"_links":{"self":[{"href":"https:\/\/diarioregionaldigital.com.br\/index.php?rest_route=\/wp\/v2\/posts\/76347","targetHints":{"allow":["GET"]}}],"collection":[{"href":"https:\/\/diarioregionaldigital.com.br\/index.php?rest_route=\/wp\/v2\/posts"}],"about":[{"href":"https:\/\/diarioregionaldigital.com.br\/index.php?rest_route=\/wp\/v2\/types\/post"}],"author":[{"embeddable":true,"href":"https:\/\/diarioregionaldigital.com.br\/index.php?rest_route=\/wp\/v2\/users\/96"}],"replies":[{"embeddable":true,"href":"https:\/\/diarioregionaldigital.com.br\/index.php?rest_route=%2Fwp%2Fv2%2Fcomments&post=76347"}],"version-history":[{"count":0,"href":"https:\/\/diarioregionaldigital.com.br\/index.php?rest_route=\/wp\/v2\/posts\/76347\/revisions"}],"wp:attachment":[{"href":"https:\/\/diarioregionaldigital.com.br\/index.php?rest_route=%2Fwp%2Fv2%2Fmedia&parent=76347"}],"wp:term":[{"taxonomy":"category","embeddable":true,"href":"https:\/\/diarioregionaldigital.com.br\/index.php?rest_route=%2Fwp%2Fv2%2Fcategories&post=76347"},{"taxonomy":"post_tag","embeddable":true,"href":"https:\/\/diarioregionaldigital.com.br\/index.php?rest_route=%2Fwp%2Fv2%2Ftags&post=76347"}],"curies":[{"name":"wp","href":"https:\/\/api.w.org\/{rel}","templated":true}]}}