{"id":76322,"date":"2017-06-29T21:31:07","date_gmt":"2017-06-30T00:31:07","guid":{"rendered":"http:\/\/diarioregionaljf.com.br\/2017\/06\/29\/temperatura-fica-estavel-no-final-de-semana\/"},"modified":"2017-06-29T21:31:07","modified_gmt":"2017-06-30T00:31:07","slug":"temperatura-fica-estavel-no-final-de-semana","status":"publish","type":"post","link":"https:\/\/diarioregionaldigital.com.br\/?p=76322","title":{"rendered":"Temperatura fica est\u00e1vel no final de semana"},"content":{"rendered":"<p>Apesar de o frio ter aumentado na cidade nos \u00faltimos dias, as temperaturas no final de semana devem se manter est\u00e1veis, segundo informa\u00e7\u00f5es do meteorologista Luiz Ladeia. Nesta sexta-feira, 30, o c\u00e9u vai permanecer claro e pode ficar parcialmente nublado. O s\u00e1bado, 1\u00ba, e o domingo, 2, devem ter c\u00e9u claro a parcialmente nublado, com possibilidades de chuvas isoladas. Na Zona da Mata as temperaturas v\u00e3o variar entre 9 e 26 graus e em Juiz de Fora entre 12 e 22, nos tr\u00eas dias. A umidade do ar vai variar entre 85% pela manh\u00e3 e 45% \u00e0 tarde e a noite durante os tr\u00eas dias.<\/p>\n","protected":false},"excerpt":{"rendered":"<p>Apesar de o frio ter aumentado na cidade nos \u00faltimos dias, as temperaturas no final de semana devem se manter est\u00e1veis, segundo informa\u00e7\u00f5es do meteorologista Luiz Ladeia. Nesta sexta-feira, 30, o c\u00e9u vai permanecer claro e pode ficar parcialmente nublado. O s\u00e1bado, 1\u00ba, e o domingo, 2, devem ter c\u00e9u claro a parcialmente nublado, com [&hellip;]<\/p>\n","protected":false},"author":96,"featured_media":76321,"comment_status":"closed","ping_status":"closed","sticky":false,"template":"","format":"standard","meta":{"footnotes":""},"categories":[253],"tags":[],"class_list":["post-76322","post","type-post","status-publish","format-standard","has-post-thumbnail","hentry","category-cidade"],"_links":{"self":[{"href":"https:\/\/diarioregionaldigital.com.br\/index.php?rest_route=\/wp\/v2\/posts\/76322","targetHints":{"allow":["GET"]}}],"collection":[{"href":"https:\/\/diarioregionaldigital.com.br\/index.php?rest_route=\/wp\/v2\/posts"}],"about":[{"href":"https:\/\/diarioregionaldigital.com.br\/index.php?rest_route=\/wp\/v2\/types\/post"}],"author":[{"embeddable":true,"href":"https:\/\/diarioregionaldigital.com.br\/index.php?rest_route=\/wp\/v2\/users\/96"}],"replies":[{"embeddable":true,"href":"https:\/\/diarioregionaldigital.com.br\/index.php?rest_route=%2Fwp%2Fv2%2Fcomments&post=76322"}],"version-history":[{"count":0,"href":"https:\/\/diarioregionaldigital.com.br\/index.php?rest_route=\/wp\/v2\/posts\/76322\/revisions"}],"wp:featuredmedia":[{"embeddable":true,"href":"https:\/\/diarioregionaldigital.com.br\/index.php?rest_route=\/wp\/v2\/media\/76321"}],"wp:attachment":[{"href":"https:\/\/diarioregionaldigital.com.br\/index.php?rest_route=%2Fwp%2Fv2%2Fmedia&parent=76322"}],"wp:term":[{"taxonomy":"category","embeddable":true,"href":"https:\/\/diarioregionaldigital.com.br\/index.php?rest_route=%2Fwp%2Fv2%2Fcategories&post=76322"},{"taxonomy":"post_tag","embeddable":true,"href":"https:\/\/diarioregionaldigital.com.br\/index.php?rest_route=%2Fwp%2Fv2%2Ftags&post=76322"}],"curies":[{"name":"wp","href":"https:\/\/api.w.org\/{rel}","templated":true}]}}