{"id":76318,"date":"2017-06-29T20:52:02","date_gmt":"2017-06-29T23:52:02","guid":{"rendered":"http:\/\/diarioregionaljf.com.br\/2017\/06\/29\/maioria-do-stf-decide-que-delacao-pode-ser-revista-em-caso-de-ilegalidades\/"},"modified":"2017-06-29T20:52:02","modified_gmt":"2017-06-29T23:52:02","slug":"maioria-do-stf-decide-que-delacao-pode-ser-revista-em-caso-de-ilegalidades","status":"publish","type":"post","link":"https:\/\/diarioregionaldigital.com.br\/?p=76318","title":{"rendered":"Maioria do STF decide que dela\u00e7\u00e3o pode ser revista em caso de ilegalidades"},"content":{"rendered":"<p>O Supremo Tribunal Federal (STF) decidiu nessa quinta-feira, 29, que o plen\u00e1rio da Corte pode rever a homologa\u00e7\u00e3o de acordos de dela\u00e7\u00e3o premiada que apresentarem ilegalidades. Por maioria de votos, a Corte tamb\u00e9m decidiu manter a decis\u00e3o que homologou as dela\u00e7\u00f5es da JBS e a perman\u00eancia do ministro Edson Fachin como relator dos processos.<\/p>\n<p>O STF julga a quest\u00e3o h\u00e1 quatro sess\u00f5es, e tinha maioria de 9 votos a 1 pela perman\u00eancia de Fachin e pela validade da homologa\u00e7\u00e3o da JBS. Durante os debates, uma terceira corrente na vota\u00e7\u00e3o foi aberta para deixar claro que o acordo de dela\u00e7\u00e3o assinado por delatores com o Minist\u00e9rio P\u00fablico n\u00e3o vincula o Judici\u00e1rio a ratificar a dela\u00e7\u00e3o. Faltava apenas o voto da presidente, C\u00e1rmen L\u00facia. Ao votar, a ministra acompanhou a maioria e entendeu que cabe ao plen\u00e1rio rever as dela\u00e7\u00f5es em caso de ilegalidades.<\/p>\n<p>Durante sua manifesta\u00e7\u00e3o, C\u00e1rmen L\u00facia tamb\u00e9m esclareceu que a decis\u00e3o sobre revis\u00e3o n\u00e3o poder\u00e1 ser aplicada ao caso da JBS porque a Procuradoria-Geral da Rep\u00fablica (PGR) decidiu n\u00e3o propor den\u00fancia contra o empres\u00e1rio Joesley Batista em troca da dela\u00e7\u00e3o premiada.<\/p>\n<p>O Supremo julgou os limites da atua\u00e7\u00e3o dos ju\u00edzes, que s\u00e3o respons\u00e1veis pela homologa\u00e7\u00e3o das dela\u00e7\u00f5es premiadas. O julgamento foi motivado por uma quest\u00e3o de ordem apresentada pelo ministro Edson Fachin, relator dos processos que tiveram origem nas dela\u00e7\u00f5es da JBS.<\/p>\n<p>Os questionamentos sobre a legalidade dos acordos com a JBS foram levantados pela defesa do governador de Mato Grosso do Sul, Reinaldo Azambuja, um dos citados nos depoimentos dos executivos da empresa.<\/p>\n<p>As dela\u00e7\u00f5es premiadas assinadas com investigados na Opera\u00e7\u00e3o Lava Jato e nas apura\u00e7\u00f5es envolvendo a JBS est\u00e3o baseadas na Lei 12.850\/2013, conhecida como Lei das Organiza\u00e7\u00f5es Criminosas. De acordo com o Artigo 4\u00ba da norma, o acordo deve ser remetido ao juiz para homologa\u00e7\u00e3o. Cabe ao magistrado verificar a regularidade, legalidade e voluntariedade da dela\u00e7\u00e3o.<\/p>\n<p>Fonte: Ag\u00eancia Brasil<\/p>\n","protected":false},"excerpt":{"rendered":"<p>O Supremo Tribunal Federal (STF) decidiu nessa quinta-feira, 29, que o plen\u00e1rio da Corte pode rever a homologa\u00e7\u00e3o de acordos de dela\u00e7\u00e3o premiada que apresentarem ilegalidades. Por maioria de votos, a Corte tamb\u00e9m decidiu manter a decis\u00e3o que homologou as dela\u00e7\u00f5es da JBS e a perman\u00eancia do ministro Edson Fachin como relator dos processos. O [&hellip;]<\/p>\n","protected":false},"author":96,"featured_media":76317,"comment_status":"closed","ping_status":"closed","sticky":false,"template":"","format":"standard","meta":{"footnotes":""},"categories":[254],"tags":[],"class_list":["post-76318","post","type-post","status-publish","format-standard","has-post-thumbnail","hentry","category-politica"],"_links":{"self":[{"href":"https:\/\/diarioregionaldigital.com.br\/index.php?rest_route=\/wp\/v2\/posts\/76318","targetHints":{"allow":["GET"]}}],"collection":[{"href":"https:\/\/diarioregionaldigital.com.br\/index.php?rest_route=\/wp\/v2\/posts"}],"about":[{"href":"https:\/\/diarioregionaldigital.com.br\/index.php?rest_route=\/wp\/v2\/types\/post"}],"author":[{"embeddable":true,"href":"https:\/\/diarioregionaldigital.com.br\/index.php?rest_route=\/wp\/v2\/users\/96"}],"replies":[{"embeddable":true,"href":"https:\/\/diarioregionaldigital.com.br\/index.php?rest_route=%2Fwp%2Fv2%2Fcomments&post=76318"}],"version-history":[{"count":0,"href":"https:\/\/diarioregionaldigital.com.br\/index.php?rest_route=\/wp\/v2\/posts\/76318\/revisions"}],"wp:featuredmedia":[{"embeddable":true,"href":"https:\/\/diarioregionaldigital.com.br\/index.php?rest_route=\/wp\/v2\/media\/76317"}],"wp:attachment":[{"href":"https:\/\/diarioregionaldigital.com.br\/index.php?rest_route=%2Fwp%2Fv2%2Fmedia&parent=76318"}],"wp:term":[{"taxonomy":"category","embeddable":true,"href":"https:\/\/diarioregionaldigital.com.br\/index.php?rest_route=%2Fwp%2Fv2%2Fcategories&post=76318"},{"taxonomy":"post_tag","embeddable":true,"href":"https:\/\/diarioregionaldigital.com.br\/index.php?rest_route=%2Fwp%2Fv2%2Ftags&post=76318"}],"curies":[{"name":"wp","href":"https:\/\/api.w.org\/{rel}","templated":true}]}}