{"id":76304,"date":"2017-06-29T19:06:10","date_gmt":"2017-06-29T22:06:10","guid":{"rendered":"http:\/\/diarioregionaljf.com.br\/2017\/06\/29\/comissao-quer-discutir-situacao-da-educacao-especial\/"},"modified":"2017-06-29T19:06:10","modified_gmt":"2017-06-29T22:06:10","slug":"comissao-quer-discutir-situacao-da-educacao-especial","status":"publish","type":"post","link":"https:\/\/diarioregionaldigital.com.br\/?p=76304","title":{"rendered":"Comiss\u00e3o quer discutir situa\u00e7\u00e3o da educa\u00e7\u00e3o especial"},"content":{"rendered":"<p>A Comiss\u00e3o de Defesa dos Direitos da Pessoa com Defici\u00eancia da Assembleia Legislativa de Minas Gerais (ALMG) aprovou, nessa quinta-feira, 29, a realiza\u00e7\u00e3o de uma visita \u00e0 Secretaria de Estado de Educa\u00e7\u00e3o com o objetivo de discutir a situa\u00e7\u00e3o da educa\u00e7\u00e3o especial em Minas Gerais.<\/p>\n<p>O requerimento \u00e9 de autoria dos deputados Duarte Bechir (PSD), presidente da comiss\u00e3o; Arnaldo Silva (PR), vice-presidente; e Nozinho (PDT).<\/p>\n<p>Duarte Bechir explicou que quer esclarecer com a Secretaria de Educa\u00e7\u00e3o se o Estado realmente est\u00e1 planejando o fechamento de escolas especializadas no atendimento a crian\u00e7as e adolescentes com defici\u00eancia. Ele apontou que a comiss\u00e3o vem recebendo relatos de esvaziamento dessas escolas e de dificuldades dos pais em conseguir matricular seus filhos, que estariam sendo encaminhados para outras institui\u00e7\u00f5es sem estrutura adequada.<\/p>\n<p>O deputado Arnaldo Silva cobrou que o Estado passe as informa\u00e7\u00f5es para a comiss\u00e3o e afirmou que as escolas n\u00e3o podem ser fechadas sem uma discuss\u00e3o com a Assembleia e com a comunidade. O deputado Nozinho tamb\u00e9m se manifestou contr\u00e1rio ao fechamento dessas institui\u00e7\u00f5es.<\/p>\n<p>Fonte: Assessoria<\/p>\n","protected":false},"excerpt":{"rendered":"<p>A Comiss\u00e3o de Defesa dos Direitos da Pessoa com Defici\u00eancia da Assembleia Legislativa de Minas Gerais (ALMG) aprovou, nessa quinta-feira, 29, a realiza\u00e7\u00e3o de uma visita \u00e0 Secretaria de Estado de Educa\u00e7\u00e3o com o objetivo de discutir a situa\u00e7\u00e3o da educa\u00e7\u00e3o especial em Minas Gerais. O requerimento \u00e9 de autoria dos deputados Duarte Bechir (PSD), [&hellip;]<\/p>\n","protected":false},"author":96,"featured_media":76303,"comment_status":"closed","ping_status":"closed","sticky":false,"template":"","format":"standard","meta":{"footnotes":""},"categories":[254],"tags":[],"class_list":["post-76304","post","type-post","status-publish","format-standard","has-post-thumbnail","hentry","category-politica"],"_links":{"self":[{"href":"https:\/\/diarioregionaldigital.com.br\/index.php?rest_route=\/wp\/v2\/posts\/76304","targetHints":{"allow":["GET"]}}],"collection":[{"href":"https:\/\/diarioregionaldigital.com.br\/index.php?rest_route=\/wp\/v2\/posts"}],"about":[{"href":"https:\/\/diarioregionaldigital.com.br\/index.php?rest_route=\/wp\/v2\/types\/post"}],"author":[{"embeddable":true,"href":"https:\/\/diarioregionaldigital.com.br\/index.php?rest_route=\/wp\/v2\/users\/96"}],"replies":[{"embeddable":true,"href":"https:\/\/diarioregionaldigital.com.br\/index.php?rest_route=%2Fwp%2Fv2%2Fcomments&post=76304"}],"version-history":[{"count":0,"href":"https:\/\/diarioregionaldigital.com.br\/index.php?rest_route=\/wp\/v2\/posts\/76304\/revisions"}],"wp:featuredmedia":[{"embeddable":true,"href":"https:\/\/diarioregionaldigital.com.br\/index.php?rest_route=\/wp\/v2\/media\/76303"}],"wp:attachment":[{"href":"https:\/\/diarioregionaldigital.com.br\/index.php?rest_route=%2Fwp%2Fv2%2Fmedia&parent=76304"}],"wp:term":[{"taxonomy":"category","embeddable":true,"href":"https:\/\/diarioregionaldigital.com.br\/index.php?rest_route=%2Fwp%2Fv2%2Fcategories&post=76304"},{"taxonomy":"post_tag","embeddable":true,"href":"https:\/\/diarioregionaldigital.com.br\/index.php?rest_route=%2Fwp%2Fv2%2Ftags&post=76304"}],"curies":[{"name":"wp","href":"https:\/\/api.w.org\/{rel}","templated":true}]}}