{"id":76298,"date":"2017-06-29T18:21:41","date_gmt":"2017-06-29T21:21:41","guid":{"rendered":"http:\/\/diarioregionaljf.com.br\/2017\/06\/29\/lider-do-governo-adia-votacao-da-urgencia-da-reforma-trabalhista\/"},"modified":"2017-06-29T18:21:41","modified_gmt":"2017-06-29T21:21:41","slug":"lider-do-governo-adia-votacao-da-urgencia-da-reforma-trabalhista","status":"publish","type":"post","link":"https:\/\/diarioregionaldigital.com.br\/?p=76298","title":{"rendered":"L\u00edder do governo adia vota\u00e7\u00e3o da urg\u00eancia da reforma trabalhista"},"content":{"rendered":"<p>Um dia depois da aprova\u00e7\u00e3o da reforma trabalhista na Comiss\u00e3o e Constitui\u00e7\u00e3o e Justi\u00e7a, o Senado se prepara para a vota\u00e7\u00e3o final da mat\u00e9ria no plen\u00e1rio da Casa. Nessa quinta-feira, 29, em uma rara sess\u00e3o deliberativa, o presidente Eun\u00edcio Oliveira chegou a ler o requerimento de urg\u00eancia do l\u00edder do governo, Romero Juc\u00e1 (PMDB-RR), para tramita\u00e7\u00e3o da mat\u00e9ria. Com qu\u00f3rum baixo, Juc\u00e1 achou melhor deixar a vota\u00e7\u00e3o para a pr\u00f3xima ter\u00e7a-feira, 4.<\/p>\n<p>Na pr\u00e1tica, a vota\u00e7\u00e3o da urg\u00eancia acelera a tramita\u00e7\u00e3o da mat\u00e9ria, j\u00e1 que emendas apresentadas nessa fase podem ser debatidas imediatamente, sem necessidade de retorno do texto \u00e0s comiss\u00f5es de m\u00e9rito.<\/p>\n<p>Caso a urg\u00eancia seja mesmo votada na ter\u00e7a-feira, o presidente do Senado deve respeitar o intervalo de duas sess\u00f5es para colocar a reforma trabalhista na pauta. Para n\u00e3o perder tempo, se quiser Eun\u00edcio pode convocar duas sess\u00f5es deliberativas na ter\u00e7a e assim, na quarta-feira, 5, a proposta j\u00e1 estaria pronta para vota\u00e7\u00e3o.<\/p>\n<p>Ao responder \u00e0 pergunta se a mat\u00e9ria dever\u00e1 ser votada na quarta-feira, em plen\u00e1rio, Romero Juc\u00e1 foi cauteloso. \u201cEstaremos prontos para votar no momento que for necess\u00e1rio. Faremos um acordo de procedimentos, se atrasar um dia ou dois n\u00e3o tem problema, desde que vote r\u00e1pido\u201d, disse, lembrando que cabe ao presidente do Senado a decis\u00e3o sobre o dia em que a reforma trabalhista entrar\u00e1 na pauta. A pressa se d\u00e1 porque os senadores governistas querem a aprova\u00e7\u00e3o do texto antes do recesso parlamentar, que come\u00e7a no dia 17 de julho.<\/p>\n<h4>REBELDES<\/h4>\n<p>Juc\u00e1 tamb\u00e9m n\u00e3o quis arriscar um placar para a vota\u00e7\u00e3o, mas acredita que o governo ter\u00e1 n\u00famero suficiente para a aprova\u00e7\u00e3o. Sobre as dissid\u00eancias no pr\u00f3prio PMDB, o l\u00edder do governo disse que em uma reuni\u00e3o da bancada, 17 senadores disseram que apoiam a proposta e cinco, n\u00e3o. Apesar disso, ele afirmou que a legenda n\u00e3o fechou quest\u00e3o sobre o assunto e n\u00e3o falou em puni\u00e7\u00f5es para quem votar contra o governo.<\/p>\n<h4>OPOSI\u00c7\u00c3O<\/h4>\n<p>A oposi\u00e7\u00e3o critica a pressa para a vota\u00e7\u00e3o do texto e diz que vai usar todos os recursos regimentais para debater a proposta no m\u00e1ximo de tempo poss\u00edvel.<\/p>\n<p>Fonte: Ag\u00eancia Brasil<\/p>\n","protected":false},"excerpt":{"rendered":"<p>Um dia depois da aprova\u00e7\u00e3o da reforma trabalhista na Comiss\u00e3o e Constitui\u00e7\u00e3o e Justi\u00e7a, o Senado se prepara para a vota\u00e7\u00e3o final da mat\u00e9ria no plen\u00e1rio da Casa. Nessa quinta-feira, 29, em uma rara sess\u00e3o deliberativa, o presidente Eun\u00edcio Oliveira chegou a ler o requerimento de urg\u00eancia do l\u00edder do governo, Romero Juc\u00e1 (PMDB-RR), para [&hellip;]<\/p>\n","protected":false},"author":96,"featured_media":76297,"comment_status":"closed","ping_status":"closed","sticky":false,"template":"","format":"standard","meta":{"footnotes":""},"categories":[254],"tags":[],"class_list":["post-76298","post","type-post","status-publish","format-standard","has-post-thumbnail","hentry","category-politica"],"_links":{"self":[{"href":"https:\/\/diarioregionaldigital.com.br\/index.php?rest_route=\/wp\/v2\/posts\/76298","targetHints":{"allow":["GET"]}}],"collection":[{"href":"https:\/\/diarioregionaldigital.com.br\/index.php?rest_route=\/wp\/v2\/posts"}],"about":[{"href":"https:\/\/diarioregionaldigital.com.br\/index.php?rest_route=\/wp\/v2\/types\/post"}],"author":[{"embeddable":true,"href":"https:\/\/diarioregionaldigital.com.br\/index.php?rest_route=\/wp\/v2\/users\/96"}],"replies":[{"embeddable":true,"href":"https:\/\/diarioregionaldigital.com.br\/index.php?rest_route=%2Fwp%2Fv2%2Fcomments&post=76298"}],"version-history":[{"count":0,"href":"https:\/\/diarioregionaldigital.com.br\/index.php?rest_route=\/wp\/v2\/posts\/76298\/revisions"}],"wp:featuredmedia":[{"embeddable":true,"href":"https:\/\/diarioregionaldigital.com.br\/index.php?rest_route=\/wp\/v2\/media\/76297"}],"wp:attachment":[{"href":"https:\/\/diarioregionaldigital.com.br\/index.php?rest_route=%2Fwp%2Fv2%2Fmedia&parent=76298"}],"wp:term":[{"taxonomy":"category","embeddable":true,"href":"https:\/\/diarioregionaldigital.com.br\/index.php?rest_route=%2Fwp%2Fv2%2Fcategories&post=76298"},{"taxonomy":"post_tag","embeddable":true,"href":"https:\/\/diarioregionaldigital.com.br\/index.php?rest_route=%2Fwp%2Fv2%2Ftags&post=76298"}],"curies":[{"name":"wp","href":"https:\/\/api.w.org\/{rel}","templated":true}]}}