{"id":76296,"date":"2017-06-29T18:18:15","date_gmt":"2017-06-29T21:18:15","guid":{"rendered":"http:\/\/diarioregionaljf.com.br\/2017\/06\/29\/ex-presidente-do-peru-depoe-por-mais-de-sete-horas-em-caso-odebrecht\/"},"modified":"2017-06-29T18:18:15","modified_gmt":"2017-06-29T21:18:15","slug":"ex-presidente-do-peru-depoe-por-mais-de-sete-horas-em-caso-odebrecht","status":"publish","type":"post","link":"https:\/\/diarioregionaldigital.com.br\/?p=76296","title":{"rendered":"Ex-presidente do Peru dep\u00f5e por mais de sete horas em caso Odebrecht"},"content":{"rendered":"<p>O ex-presidente do Peru Ollanta Humala e sua esposa, Nadine Her\u00e9dia, prestaram depoimento nessa quarta-feira, 28, durante mais de sete horas, ao procurador peruano que investiga a den\u00fancia de que teria recebido US$3 milh\u00f5es da Odebrecht para financiar suas campanhas eleitorais de 2006 e 2011. A informa\u00e7\u00e3o \u00e9 da Ag\u00eancia EFE.<\/p>\n<p>&#8220;Estamos satisfeitos, acredito que [o depoimento] serviu para esclarecer as coisas. Para dar alguma luz a fim de que isso seja bem encaminhado. Queremos assinalar que somos os principais interessados em que tudo seja esclarecido&#8221;, disse Humala aos jornalistas ao deixar a sede da Procuradoria.<\/p>\n<p>O ex-governante contou que, durante o interrogat\u00f3rio, foi questionado sobre as supostas contribui\u00e7\u00f5es reveladas por Marcelo Odebrecht e seu representante no Peru, Jorge Barata.<\/p>\n<p>&#8220;Fui perguntado sobre quest\u00f5es do partido, contribui\u00e7\u00f5es de campanha de 2006, 2011. Foram temas diversos sobre o meu patrim\u00f4nio, e respondemos tudo&#8221;, acrescentou Humala.<\/p>\n<p>O ex-presidente afirmou, no entanto, que n\u00e3o daria maiores detalhes porque est\u00e1 impedido pela Justi\u00e7a, mas reafirmou que n\u00e3o recebeu os US$3 milh\u00f5es citados pela Odebrecht.<\/p>\n<p>A empreiteira brasileira admitiu \u00e0 Justi\u00e7a norte-americana que pagou US$29 milh\u00f5es em propina para agentes p\u00fablicos no Peru, para vencer a concorr\u00eancia na licita\u00e7\u00e3o de obras p\u00fablicas entre 2005 e 2014, per\u00edodo que compreende os governos de Alejandro Toledo (2001-2006), Alan Garc\u00eda (2006-2011) e Ollanta Humala (2011-2016).<\/p>\n<p>Por esse caso, a Justi\u00e7a peruana iniciou processos contra Humala e Toledo, e continua com investiga\u00e7\u00f5es preliminares contra Garc\u00eda.<\/p>\n<p>Humala tamb\u00e9m anunciou que sua defesa recorrer\u00e1 \u00e0 Suprema Corte da decis\u00e3o tomada por um tribunal na ter\u00e7a-feira, 27, de rejeitar o recurso que apresentou, junto com sua esposa, para excluir quatro agendas com contabilidade do Partido Nacionalista, que supostamente teriam sido roubadas de sua resid\u00eancia, como prova de uma investiga\u00e7\u00e3o por lavagem de dinheiro.<\/p>\n<p>As quatro agendas s\u00e3o parte ainda da investiga\u00e7\u00e3o da Procuradoria sobre as contribui\u00e7\u00f5es recebidas pelo Partido Nacionalista para as campanhas de 2006 e 2011.<\/p>\n<p>&#8220;Se roubam um documento de sua casa e isso n\u00e3o \u00e9 considerado prova ilegal, ent\u00e3o do que estamos falando?&#8221;, perguntou Humala.<\/p>\n<p>Fonte: Ag\u00eancia Brasil<\/p>\n","protected":false},"excerpt":{"rendered":"<p>O ex-presidente do Peru Ollanta Humala e sua esposa, Nadine Her\u00e9dia, prestaram depoimento nessa quarta-feira, 28, durante mais de sete horas, ao procurador peruano que investiga a den\u00fancia de que teria recebido US$3 milh\u00f5es da Odebrecht para financiar suas campanhas eleitorais de 2006 e 2011. A informa\u00e7\u00e3o \u00e9 da Ag\u00eancia EFE. &#8220;Estamos satisfeitos, acredito que [&hellip;]<\/p>\n","protected":false},"author":96,"featured_media":76295,"comment_status":"closed","ping_status":"closed","sticky":false,"template":"","format":"standard","meta":{"footnotes":""},"categories":[254],"tags":[],"class_list":["post-76296","post","type-post","status-publish","format-standard","has-post-thumbnail","hentry","category-politica"],"_links":{"self":[{"href":"https:\/\/diarioregionaldigital.com.br\/index.php?rest_route=\/wp\/v2\/posts\/76296","targetHints":{"allow":["GET"]}}],"collection":[{"href":"https:\/\/diarioregionaldigital.com.br\/index.php?rest_route=\/wp\/v2\/posts"}],"about":[{"href":"https:\/\/diarioregionaldigital.com.br\/index.php?rest_route=\/wp\/v2\/types\/post"}],"author":[{"embeddable":true,"href":"https:\/\/diarioregionaldigital.com.br\/index.php?rest_route=\/wp\/v2\/users\/96"}],"replies":[{"embeddable":true,"href":"https:\/\/diarioregionaldigital.com.br\/index.php?rest_route=%2Fwp%2Fv2%2Fcomments&post=76296"}],"version-history":[{"count":0,"href":"https:\/\/diarioregionaldigital.com.br\/index.php?rest_route=\/wp\/v2\/posts\/76296\/revisions"}],"wp:featuredmedia":[{"embeddable":true,"href":"https:\/\/diarioregionaldigital.com.br\/index.php?rest_route=\/wp\/v2\/media\/76295"}],"wp:attachment":[{"href":"https:\/\/diarioregionaldigital.com.br\/index.php?rest_route=%2Fwp%2Fv2%2Fmedia&parent=76296"}],"wp:term":[{"taxonomy":"category","embeddable":true,"href":"https:\/\/diarioregionaldigital.com.br\/index.php?rest_route=%2Fwp%2Fv2%2Fcategories&post=76296"},{"taxonomy":"post_tag","embeddable":true,"href":"https:\/\/diarioregionaldigital.com.br\/index.php?rest_route=%2Fwp%2Fv2%2Ftags&post=76296"}],"curies":[{"name":"wp","href":"https:\/\/api.w.org\/{rel}","templated":true}]}}