{"id":76294,"date":"2017-06-29T17:51:45","date_gmt":"2017-06-29T20:51:45","guid":{"rendered":"http:\/\/diarioregionaljf.com.br\/2017\/06\/29\/adolescente-fica-ferido-em-acidente-na-avenida-juiz-de-fora\/"},"modified":"2017-06-29T17:51:45","modified_gmt":"2017-06-29T20:51:45","slug":"adolescente-fica-ferido-em-acidente-na-avenida-juiz-de-fora","status":"publish","type":"post","link":"https:\/\/diarioregionaldigital.com.br\/?p=76294","title":{"rendered":"Adolescente fica ferido em acidente na Avenida Juiz de Fora"},"content":{"rendered":"<p>Um adolescente de 15 anos fraturou o bra\u00e7o ao colidir com uma van, no in\u00edcio da tarde dessa quinta-feira, 29, na Avenida Juiz de Fora, situado no bairro Grama, zona Nordeste. De acordo com informa\u00e7\u00f5es da Pol\u00edcia Militar (PM) e de testemunhas, o rapaz estaria descendo a Rua Paulo Afonso Trist\u00e3o quando sua bicicleta perdeu o freio. No cruzamento da avenida principal com a Rua Dr. Jos\u00e9 Amaro da Silva, ele colidiu com o ve\u00edculo da prefeitura de Rio Pomba, que seguia em dire\u00e7\u00e3o ao bairro.<\/p>\n<p>Nenhum ocupante da van ficou ferido e o adolescente foi encaminhado ao Hospital de Pronto Socorro (HPS).<\/p>\n<p>O tr\u00e2nsito no local est\u00e1 parcialmente interditado, at\u00e9 que a PM conclua alguns procedimentos.<\/p>\n","protected":false},"excerpt":{"rendered":"<p>Um adolescente de 15 anos fraturou o bra\u00e7o ao colidir com uma van, no in\u00edcio da tarde dessa quinta-feira, 29, na Avenida Juiz de Fora, situado no bairro Grama, zona Nordeste. De acordo com informa\u00e7\u00f5es da Pol\u00edcia Militar (PM) e de testemunhas, o rapaz estaria descendo a Rua Paulo Afonso Trist\u00e3o quando sua bicicleta perdeu [&hellip;]<\/p>\n","protected":false},"author":96,"featured_media":76293,"comment_status":"closed","ping_status":"closed","sticky":false,"template":"","format":"standard","meta":{"footnotes":""},"categories":[253],"tags":[],"class_list":["post-76294","post","type-post","status-publish","format-standard","has-post-thumbnail","hentry","category-cidade"],"_links":{"self":[{"href":"https:\/\/diarioregionaldigital.com.br\/index.php?rest_route=\/wp\/v2\/posts\/76294","targetHints":{"allow":["GET"]}}],"collection":[{"href":"https:\/\/diarioregionaldigital.com.br\/index.php?rest_route=\/wp\/v2\/posts"}],"about":[{"href":"https:\/\/diarioregionaldigital.com.br\/index.php?rest_route=\/wp\/v2\/types\/post"}],"author":[{"embeddable":true,"href":"https:\/\/diarioregionaldigital.com.br\/index.php?rest_route=\/wp\/v2\/users\/96"}],"replies":[{"embeddable":true,"href":"https:\/\/diarioregionaldigital.com.br\/index.php?rest_route=%2Fwp%2Fv2%2Fcomments&post=76294"}],"version-history":[{"count":0,"href":"https:\/\/diarioregionaldigital.com.br\/index.php?rest_route=\/wp\/v2\/posts\/76294\/revisions"}],"wp:featuredmedia":[{"embeddable":true,"href":"https:\/\/diarioregionaldigital.com.br\/index.php?rest_route=\/wp\/v2\/media\/76293"}],"wp:attachment":[{"href":"https:\/\/diarioregionaldigital.com.br\/index.php?rest_route=%2Fwp%2Fv2%2Fmedia&parent=76294"}],"wp:term":[{"taxonomy":"category","embeddable":true,"href":"https:\/\/diarioregionaldigital.com.br\/index.php?rest_route=%2Fwp%2Fv2%2Fcategories&post=76294"},{"taxonomy":"post_tag","embeddable":true,"href":"https:\/\/diarioregionaldigital.com.br\/index.php?rest_route=%2Fwp%2Fv2%2Ftags&post=76294"}],"curies":[{"name":"wp","href":"https:\/\/api.w.org\/{rel}","templated":true}]}}