{"id":76267,"date":"2017-06-29T01:28:21","date_gmt":"2017-06-29T04:28:21","guid":{"rendered":"http:\/\/diarioregionaljf.com.br\/2017\/06\/29\/tupi-tem-novidades-para-enfrentar-o-voltaco\/"},"modified":"2017-06-29T01:28:21","modified_gmt":"2017-06-29T04:28:21","slug":"tupi-tem-novidades-para-enfrentar-o-voltaco","status":"publish","type":"post","link":"https:\/\/diarioregionaldigital.com.br\/?p=76267","title":{"rendered":"TUPI TEM NOVIDADES PARA ENFRENTAR O VOLTA\u00c7O"},"content":{"rendered":"<p>O Galo Carij\u00f3 intensifica seus preparativos para o jogo contra o Volta Redonda, neste s\u00e1bado, 21h, no est\u00e1dio M\u00e1rio Hel\u00eanio, com transmiss\u00e3o da R\u00e1dio Globo AM 910, narra\u00e7\u00e3o de Gustavo Fonseca. O treinador A\u00edlton Ferraz comandou treino no est\u00e1dio e definiu a volta de Marcel. Todavia, deve manter a linha de quatro defensores, com as perman\u00eancias de Patrick e Fernando. Edm\u00e1rio pode ficar como op\u00e7\u00e3o.<\/p>\n<p>O treino teve uma parte aberta e outra fechada. O time escalado na parte aberta atuou com Paulo Henrique; Lucas, Patrick, Fernando e Bruno Santos; Marcel e Leandro Bras\u00edlia; Diego Lu\u00eds e Luan; Andrey e \u00cdtalo. Leandro Bras\u00edlia pode fazer sua estreia.<\/p>\n<p><strong>VENDA ANTECIPADA DE INGRESSOS<\/strong><br \/>A venda de ingressos para a partida tem in\u00edcio nesta quinta-feira. Os bilhetes ser\u00e3o vendidos a R$ 30 a inteira e R$ 15 a meia-entrada, com carga de 500 ingressos.<\/p>\n<p>A abertura dos port\u00f5es ser\u00e1 \u00e0s 20h. As 50 primeiras mulheres ter\u00e3o entrada franca. Crian\u00e7as de at\u00e9 12 anos n\u00e3o pagam ingresso e a entrada de todos os torcedores ser\u00e1 realizada apenas pela entrada principal.<\/p>\n<p>Haver\u00e1 transporte coletivo p\u00fablico para a partida a partir das 19h30 de s\u00e1bado, com sa\u00edda da Avenida Presidente Itamar Franco. A descida do est\u00e1dio ser\u00e1 at\u00e9 \u00e0s 22h40.<\/p>\n<p>Hor\u00e1rios e pontos de venda de ingressos: Sede social do Tupi, de 9h \u00e0s 18h, na quinta e sexta. No s\u00e1bado, at\u00e9 12h30. Posto da Liga de Futebol: Cal\u00e7ad\u00e3o, sexta de 9 \u00e0s 17h e s\u00e1bado de 9h \u00e0s 12h30; Est\u00e1dio M\u00e1rio Hel\u00eanio, s\u00e1bado a partir das 20h.<\/p>\n","protected":false},"excerpt":{"rendered":"<p>O Galo Carij\u00f3 intensifica seus preparativos para o jogo contra o Volta Redonda, neste s\u00e1bado, 21h, no est\u00e1dio M\u00e1rio Hel\u00eanio, com transmiss\u00e3o da R\u00e1dio Globo AM 910, narra\u00e7\u00e3o de Gustavo Fonseca. O treinador A\u00edlton Ferraz comandou treino no est\u00e1dio e definiu a volta de Marcel. Todavia, deve manter a linha de quatro defensores, com as [&hellip;]<\/p>\n","protected":false},"author":96,"featured_media":76266,"comment_status":"closed","ping_status":"closed","sticky":false,"template":"","format":"standard","meta":{"footnotes":""},"categories":[257],"tags":[],"class_list":["post-76267","post","type-post","status-publish","format-standard","has-post-thumbnail","hentry","category-esporte"],"_links":{"self":[{"href":"https:\/\/diarioregionaldigital.com.br\/index.php?rest_route=\/wp\/v2\/posts\/76267","targetHints":{"allow":["GET"]}}],"collection":[{"href":"https:\/\/diarioregionaldigital.com.br\/index.php?rest_route=\/wp\/v2\/posts"}],"about":[{"href":"https:\/\/diarioregionaldigital.com.br\/index.php?rest_route=\/wp\/v2\/types\/post"}],"author":[{"embeddable":true,"href":"https:\/\/diarioregionaldigital.com.br\/index.php?rest_route=\/wp\/v2\/users\/96"}],"replies":[{"embeddable":true,"href":"https:\/\/diarioregionaldigital.com.br\/index.php?rest_route=%2Fwp%2Fv2%2Fcomments&post=76267"}],"version-history":[{"count":0,"href":"https:\/\/diarioregionaldigital.com.br\/index.php?rest_route=\/wp\/v2\/posts\/76267\/revisions"}],"wp:featuredmedia":[{"embeddable":true,"href":"https:\/\/diarioregionaldigital.com.br\/index.php?rest_route=\/wp\/v2\/media\/76266"}],"wp:attachment":[{"href":"https:\/\/diarioregionaldigital.com.br\/index.php?rest_route=%2Fwp%2Fv2%2Fmedia&parent=76267"}],"wp:term":[{"taxonomy":"category","embeddable":true,"href":"https:\/\/diarioregionaldigital.com.br\/index.php?rest_route=%2Fwp%2Fv2%2Fcategories&post=76267"},{"taxonomy":"post_tag","embeddable":true,"href":"https:\/\/diarioregionaldigital.com.br\/index.php?rest_route=%2Fwp%2Fv2%2Ftags&post=76267"}],"curies":[{"name":"wp","href":"https:\/\/api.w.org\/{rel}","templated":true}]}}