{"id":76260,"date":"2017-06-29T00:18:35","date_gmt":"2017-06-29T03:18:35","guid":{"rendered":"http:\/\/diarioregionaljf.com.br\/2017\/06\/29\/personalidades-recebem-medalha-itamar-franco\/"},"modified":"2017-06-29T00:18:35","modified_gmt":"2017-06-29T03:18:35","slug":"personalidades-recebem-medalha-itamar-franco","status":"publish","type":"post","link":"https:\/\/diarioregionaldigital.com.br\/?p=76260","title":{"rendered":"Personalidades recebem \u201cMedalha Itamar Franco\u201d"},"content":{"rendered":"<p>O Museu de Arte Murilo Mendes (Mamm) foi palco nessa quarta-feira, 28, da entrega da Medalha Itamar Franco. A honraria foi institu\u00edda em abril de 2016 e tem como objetivo homenagear at\u00e9 cinco personalidades e institui\u00e7\u00f5es que s\u00e3o consideradas refer\u00eancia de excel\u00eancia nos trabalhos prestados \u00e0 sociedade.<\/p>\n<p>O evento agraciou a Universidade Federal de Juiz de Fora (UFJF) e personalidades como Dom Mauro Morelli, ex-presidente do Conselho Nacional de Seguran\u00e7a Alimentar e Nutricional nos estados de Minas Gerais e S\u00e3o Paulo; Saulo Pinto Moreira, ex-prefeito de Juiz de Fora; Mur\u00edlio Hingel, ex-diretor do Col\u00e9gio de Aplica\u00e7\u00e3o Jo\u00e3o XXIII e ex-ministro da Educa\u00e7\u00e3o do governo Itamar Franco); e Zico, ex-jogador de futebol.<\/p>\n<p>O presidente do Instituto Itamar Franco, Marcello Lignani Siqueira, ressaltou que a escolha dos homenageados foi feita por meio de um conselho formado por oito pessoas. \u201cCada conselheiro sugeriu um nome. No caso de pessoa f\u00edsica, n\u00f3s avaliamos as trajet\u00f3rias pessoal e profissional dos indicados para selecionar por meio de uma vota\u00e7\u00e3o. Em rela\u00e7\u00e3o \u00e0s institui\u00e7\u00f5es indicadas, avaliamos a contribui\u00e7\u00e3o social das mesmas no meio onde elas atuam\u201d, explicou o presidente.<\/p>\n<p>O ex-jogador de futebol Zico disse que sempre foi muito bem recebido pela cidade e destacou sua satisfa\u00e7\u00e3o em receber uma homenagem que leva o nome de Itamar Franco. \u201cEle foi uma pessoa que nos honrou muito. Atualmente estamos tendo muitas dificuldades com os pol\u00edticos. Lembro-me muito dele, com quem tive a oportunidade de conviver e ter bons momentos. Eu Aprendi a respeit\u00e1-lo. A minha liga\u00e7\u00e3o com a cidade \u00e9 muito forte, pois foi aqui que fiz a minha despedida como jogador de futebol profissional\u201d, avaliou.<\/p>\n<p>O bispo Dom Mauro Morelli foi um dos homenageados escolhidos por sua trajet\u00f3ria no Conselho Nacional de Seguran\u00e7a Alimentar e Nutricional (Consea) nos estados de Minas Gerais e S\u00e3o Paulo. Em fevereiro de 1993, lideran\u00e7as do Partido dos Trabalhadores (PT) apresentaram ao presidente Itamar Franco a solicita\u00e7\u00e3o de uma pol\u00edtica de seguran\u00e7a alimentar que fosse desenvolvida a partir da cria\u00e7\u00e3o de um conselho nacional. Dois meses mais tarde, o Consea foi institu\u00eddo em abril de 1993. O presidente indicado foi Dom Mauro Morelli. Sua atribui\u00e7\u00e3o era propor medidas de combate \u00e0 fome e de promo\u00e7\u00e3o da Seguran\u00e7a Alimentar e Nutricional (SAN) no pa\u00eds.<\/p>\n<p>\u201cDe alguma forma, mantemos viva a mem\u00f3ria do Itamar e seu legado. Foi muito importante a parceria feita com ele em 1993 com a instala\u00e7\u00e3o da primeira constitucional de seguran\u00e7a alimentar. Sinto-me muito honrado por receber essa medalha e por saber que fiz parte de um processo importante de mudan\u00e7a no pa\u00eds\u201d, observou Dom Mauro Morelli.<\/p>\n","protected":false},"excerpt":{"rendered":"<p>O Museu de Arte Murilo Mendes (Mamm) foi palco nessa quarta-feira, 28, da entrega da Medalha Itamar Franco. A honraria foi institu\u00edda em abril de 2016 e tem como objetivo homenagear at\u00e9 cinco personalidades e institui\u00e7\u00f5es que s\u00e3o consideradas refer\u00eancia de excel\u00eancia nos trabalhos prestados \u00e0 sociedade. O evento agraciou a Universidade Federal de Juiz [&hellip;]<\/p>\n","protected":false},"author":96,"featured_media":76259,"comment_status":"closed","ping_status":"closed","sticky":false,"template":"","format":"standard","meta":{"footnotes":""},"categories":[253],"tags":[],"class_list":["post-76260","post","type-post","status-publish","format-standard","has-post-thumbnail","hentry","category-cidade"],"_links":{"self":[{"href":"https:\/\/diarioregionaldigital.com.br\/index.php?rest_route=\/wp\/v2\/posts\/76260","targetHints":{"allow":["GET"]}}],"collection":[{"href":"https:\/\/diarioregionaldigital.com.br\/index.php?rest_route=\/wp\/v2\/posts"}],"about":[{"href":"https:\/\/diarioregionaldigital.com.br\/index.php?rest_route=\/wp\/v2\/types\/post"}],"author":[{"embeddable":true,"href":"https:\/\/diarioregionaldigital.com.br\/index.php?rest_route=\/wp\/v2\/users\/96"}],"replies":[{"embeddable":true,"href":"https:\/\/diarioregionaldigital.com.br\/index.php?rest_route=%2Fwp%2Fv2%2Fcomments&post=76260"}],"version-history":[{"count":0,"href":"https:\/\/diarioregionaldigital.com.br\/index.php?rest_route=\/wp\/v2\/posts\/76260\/revisions"}],"wp:featuredmedia":[{"embeddable":true,"href":"https:\/\/diarioregionaldigital.com.br\/index.php?rest_route=\/wp\/v2\/media\/76259"}],"wp:attachment":[{"href":"https:\/\/diarioregionaldigital.com.br\/index.php?rest_route=%2Fwp%2Fv2%2Fmedia&parent=76260"}],"wp:term":[{"taxonomy":"category","embeddable":true,"href":"https:\/\/diarioregionaldigital.com.br\/index.php?rest_route=%2Fwp%2Fv2%2Fcategories&post=76260"},{"taxonomy":"post_tag","embeddable":true,"href":"https:\/\/diarioregionaldigital.com.br\/index.php?rest_route=%2Fwp%2Fv2%2Ftags&post=76260"}],"curies":[{"name":"wp","href":"https:\/\/api.w.org\/{rel}","templated":true}]}}