{"id":76253,"date":"2017-06-28T23:32:48","date_gmt":"2017-06-29T02:32:48","guid":{"rendered":"http:\/\/diarioregionaljf.com.br\/2017\/06\/28\/trabalhadores-e-sindicalistas-voltam-a-paralisar-atividades-em-greve-geral\/"},"modified":"2017-06-28T23:32:48","modified_gmt":"2017-06-29T02:32:48","slug":"trabalhadores-e-sindicalistas-voltam-a-paralisar-atividades-em-greve-geral","status":"publish","type":"post","link":"https:\/\/diarioregionaldigital.com.br\/?p=76253","title":{"rendered":"Trabalhadores e sindicalistas voltam a paralisar atividades em Greve Geral"},"content":{"rendered":"<p>Mais uma vez, trabalhadores, estudantes e sindicalistas se re\u00fanem em Juiz de Fora nesta sexta-feira, 30, integrando protestos que acontecer\u00e3o em diversas partes do pa\u00eds contra o projeto de lei da terceiriza\u00e7\u00e3o e as reformas trabalhista e da Previd\u00eancia Social. A mobiliza\u00e7\u00e3o tamb\u00e9m levanta a bandeira a favor de elei\u00e7\u00f5es diretas. O ato acontecer\u00e1 na Pra\u00e7a da Esta\u00e7\u00e3o, a partir das 9h.<\/p>\n<p>No dia de greve geral, o transporte p\u00fablico funcionar\u00e1 normalmente. O Sindicato dos Professores (Sinpro) informou que a paralisa\u00e7\u00e3o das atividades nas redes municipal e particular est\u00e1 confirmada. Por\u00e9m, n\u00e3o h\u00e1 confirma\u00e7\u00e3o de um \u00edndice percentual de paralisa\u00e7\u00e3o da categoria. O Sindicato disse ainda que foram promovidas duas assembleias com ambas as redes, acordando a interrup\u00e7\u00e3o das atividades. J\u00e1 o Sindicato das Escolas Particulares de Minas Gerais (Sinep\/MG) disse que orientou as institui\u00e7\u00f5es a manterem as atividades, em conformidade ao compromisso com a educa\u00e7\u00e3o.<\/p>\n<p>J\u00e1 o Sindicato \u00danico dos Trabalhadores em Educa\u00e7\u00e3o de Minas Gerais (SindUTE\/MG) confirmou por meio de nota que n\u00e3o haver\u00e1 aula na rede estadual de ensino. Os sindicatos dos Banc\u00e1rios (Sintraf-JF) e dos Metal\u00fargicos de Juiz de Fora (STIM\/JF) disseram que toda a categoria foi convocada a aderir \u00e0 greve, paralisando as atividades. Entretanto, n\u00e3o h\u00e1 confirma\u00e7\u00e3o do percentual de ades\u00e3o de ambas as categorias.<\/p>\n<h4>CONFIRA COMO FICAM OS SERVI\u00c7OS NA PR\u00d3XIMA SEXTA:<\/h4>\n<p><strong>&#8211; \u00d4nibus n\u00e3o param<\/strong><\/p>\n<p>Segundo o Sindicato dos Trabalhadores em Transporte Rodovi\u00e1rio (Sinttro), o servi\u00e7o de transporte p\u00fablico funcionar\u00e1 normalmente.<\/p>\n<p><strong>&#8211; Professores federais e servidores t\u00e9cnico-administrativos em educa\u00e7\u00e3o<\/strong><\/p>\n<p>Docentes e t\u00e9cnicos do IF Sudeste e da UFJF paralisam atividades, conforme confirmado pelo Sindicato dos Trabalhadores T\u00e9cnico-Administrativos em Educa\u00e7\u00e3o das Institui\u00e7\u00f5es Federais de Ensino no Munic\u00edpio de Juiz de Fora (Sintufejuf) e pela Associa\u00e7\u00e3o de Docentes do Ensino Superior de Juiz de Fora (Apes\/JF).<\/p>\n<p><strong>&#8211; Escolas municipais<\/strong><\/p>\n<p>A paralisa\u00e7\u00e3o das atividades nas redes municipal e particular, segundo o Sindicato dos Professores (Sinpro\/JF), est\u00e1 confirmada. Por\u00e9m, n\u00e3o h\u00e1 confirma\u00e7\u00e3o de um \u00edndice percentual de paralisa\u00e7\u00e3o da categoria.<\/p>\n<p><strong>&#8211; Escolas particulares<\/strong><\/p>\n<p>Em nota, o Sindicato das Escolas Particulares de Minas Gerais (Sinep\/MG) disse que respeita o direito dos trabalhadores de se manifestarem, mas orienta que as escolas mantenham as atividades, ressaltando o compromisso com a educa\u00e7\u00e3o e aqueles que n\u00e3o querem se manifestar.<\/p>\n<p><strong>&#8211; Escolas estaduais<\/strong><\/p>\n<p>N\u00e3o haver\u00e1 aula na rede estadual de ensino, segundo confirma\u00e7\u00e3o do Sindicato \u00danico dos Trabalhadores em Educa\u00e7\u00e3o de Minas Gerais (SindUTE\/MG).<\/p>\n<p><strong>&#8211; Bancos<\/strong><\/p>\n<p>Toda a categoria foi convocada a aderir \u00e0 greve, paralisando as atividades. A maior ades\u00e3o deve acontecer por parte de funcion\u00e1rios de bancos p\u00fablicos, segundo o Sindicato dos Banc\u00e1rios.<\/p>\n<p><strong>&#8211; Sindicato dos Metal\u00fargicos de Juiz de Fora (STIM\/JF)<\/strong><\/p>\n<p>Toda a categoria foi convocada a aderir \u00e0 greve, paralisando as atividades. O sindicato informou n\u00e3o ter como assegurar o percentual de ades\u00e3o dos trabalhadores da categoria.<\/p>\n","protected":false},"excerpt":{"rendered":"<p>Mais uma vez, trabalhadores, estudantes e sindicalistas se re\u00fanem em Juiz de Fora nesta sexta-feira, 30, integrando protestos que acontecer\u00e3o em diversas partes do pa\u00eds contra o projeto de lei da terceiriza\u00e7\u00e3o e as reformas trabalhista e da Previd\u00eancia Social. A mobiliza\u00e7\u00e3o tamb\u00e9m levanta a bandeira a favor de elei\u00e7\u00f5es diretas. O ato acontecer\u00e1 na [&hellip;]<\/p>\n","protected":false},"author":96,"featured_media":76252,"comment_status":"closed","ping_status":"closed","sticky":false,"template":"","format":"standard","meta":{"footnotes":""},"categories":[253],"tags":[],"class_list":["post-76253","post","type-post","status-publish","format-standard","has-post-thumbnail","hentry","category-cidade"],"_links":{"self":[{"href":"https:\/\/diarioregionaldigital.com.br\/index.php?rest_route=\/wp\/v2\/posts\/76253","targetHints":{"allow":["GET"]}}],"collection":[{"href":"https:\/\/diarioregionaldigital.com.br\/index.php?rest_route=\/wp\/v2\/posts"}],"about":[{"href":"https:\/\/diarioregionaldigital.com.br\/index.php?rest_route=\/wp\/v2\/types\/post"}],"author":[{"embeddable":true,"href":"https:\/\/diarioregionaldigital.com.br\/index.php?rest_route=\/wp\/v2\/users\/96"}],"replies":[{"embeddable":true,"href":"https:\/\/diarioregionaldigital.com.br\/index.php?rest_route=%2Fwp%2Fv2%2Fcomments&post=76253"}],"version-history":[{"count":0,"href":"https:\/\/diarioregionaldigital.com.br\/index.php?rest_route=\/wp\/v2\/posts\/76253\/revisions"}],"wp:featuredmedia":[{"embeddable":true,"href":"https:\/\/diarioregionaldigital.com.br\/index.php?rest_route=\/wp\/v2\/media\/76252"}],"wp:attachment":[{"href":"https:\/\/diarioregionaldigital.com.br\/index.php?rest_route=%2Fwp%2Fv2%2Fmedia&parent=76253"}],"wp:term":[{"taxonomy":"category","embeddable":true,"href":"https:\/\/diarioregionaldigital.com.br\/index.php?rest_route=%2Fwp%2Fv2%2Fcategories&post=76253"},{"taxonomy":"post_tag","embeddable":true,"href":"https:\/\/diarioregionaldigital.com.br\/index.php?rest_route=%2Fwp%2Fv2%2Ftags&post=76253"}],"curies":[{"name":"wp","href":"https:\/\/api.w.org\/{rel}","templated":true}]}}