{"id":76251,"date":"2017-06-28T22:45:34","date_gmt":"2017-06-29T01:45:34","guid":{"rendered":"http:\/\/diarioregionaljf.com.br\/2017\/06\/28\/olha-so-7\/"},"modified":"2017-06-28T22:45:34","modified_gmt":"2017-06-29T01:45:34","slug":"olha-so-7","status":"publish","type":"post","link":"https:\/\/diarioregionaldigital.com.br\/?p=76251","title":{"rendered":"Olha s\u00f3"},"content":{"rendered":"<p style=\"text-align: center;\"><span class=\"h4\">Seguran\u00e7a<\/span><br \/>Em \u00e9poca de festejos juninos e julinos \u00e9 preciso divertir, mas com seguran\u00e7a. Quadrilhas, fogueiras, bandeirinhas comidas e bebidas t\u00edpicas e m\u00fasicas de todos os tipos. Mas \u00e9 preciso ficar atento na hora de comprar alimentos e itens decorativos, vendo a apar\u00eancia e condi\u00e7\u00f5es de armazenamento: alimentos, fogos de artif\u00edcio e bal\u00f5es t\u00eam que ser curtidos com seguran\u00e7a.<\/p>\n<p style=\"text-align: center;\"><span class=\"h4\">M\u00fasica Alta<\/span><br \/>J\u00e1 foi iniciada a temporada de shows do Festival de Bandas Novas na Pra\u00e7a Ant\u00f4nio Carlos. Assim como nos anos anteriores, o evento musical tem o objetivo de divulgar a produ\u00e7\u00e3o local de Juiz de Fora, em subg\u00eaneros do rock, indie, punk, hardcore, grunge e progressivo. Com apoio da Funalfa, o festival vai at\u00e9 dezembro em dez datas!<\/p>\n<p style=\"text-align: center;\"><span class=\"h4\">Solenidade<\/span><br \/>O economista e escritor mineiro Edmar Bacha, um dos criadores do Plano Real, foi homenageado ontem, na Assembleia Legislativa de Minas Gerais, por sua elei\u00e7\u00e3o para a Academia Brasileira de Letras. Fez palestra na Academia Mineira de Letras sobre a disserta\u00e7\u00e3o. Henriqueta, Ala\u00edde, Jos\u00e9 Carlos e Louren\u00e7o.<\/p>\n<p style=\"text-align: center;\"><span class=\"h4\">Not\u00edcia<\/span><br \/>O acervo documental do ex-governador Israel Pinheiro foi incorporado oficialmente ao Arquivo P\u00fablico Mineiro, em solenidade concorrida, na sede da institui\u00e7\u00e3o em BH. O conjunto re\u00fane documentos, cartas e fotos que marcaram a vida do pol\u00edtico mineiro que come\u00e7ou na vida p\u00fablica no governo Benedito Valadares. O ato foi presidido pelo secret\u00e1rio de governo, \u00c2ngelo Oswaldo.<\/p>\n<p style=\"text-align: center;\"><span class=\"h4\">Olha s\u00f3<\/span><br \/>Com Crise ou sem crise, o pessoal se casa mesmo. A ind\u00fastria do matrim\u00f4nio continua faturando. Eventos sobre Noivas e Festas pipocam em Juiz de Fora, com estandes mostrando os fornecedores de buffet, fot\u00f3grafos e filmagem, decora\u00e7\u00e3o, flores e todos os instrumentos para facilitar a realiza\u00e7\u00e3o de um belo cas\u00f3rio, em todos os n\u00edveis.<\/p>\n<p style=\"text-align: center;\"><span class=\"h4\">Livro<\/span><br \/>A escritora mineira Laura Conrado lan\u00e7ou o livro Na minha onda, sobre jovem que tem que aprender a lidar com a vergonha, a inveja e o ressentimento para fazer as pazes com a ideia de que suas expectativas falharam. O livro inspirou a m\u00fasica \u201cFilme de Amor\u201d.<\/p>\n<p style=\"text-align: center;\"><span class=\"h3\">Social<\/span><br \/>Din\u00e2micos e empreendedores, N\u00edvea Mello e Alexandre Oliveira reuniram no Haras Morena para fin\u00edssimo brunch para o lan\u00e7amento da nova vers\u00e3o do Casa Design, arquitetos, designers de interiores e empres\u00e1rios da \u00e1rea de decora\u00e7\u00e3o e formadores de opini\u00e3o. Marcamos presen\u00e7a e as fotos registram algumas presen\u00e7as. Confiram.<\/p>\n<p style=\"text-align: center;\"><img decoding=\"async\" class=\" size-full wp-image-76240\" src=\"http:\/\/diarioregionaljf.com.br\/wp-content\/uploads\/2017\/06\/diario-int-17251-1.jpg\" alt=\"FOTOA.jpg\" width=\"680\" style=\"display: block; margin-left: auto; margin-right: auto;\" srcset=\"https:\/\/diarioregionaldigital.com.br\/wp-content\/uploads\/2017\/06\/diario-int-17251-1.jpg 680w, https:\/\/diarioregionaldigital.com.br\/wp-content\/uploads\/2017\/06\/diario-int-17251-1-300x199.jpg 300w, https:\/\/diarioregionaldigital.com.br\/wp-content\/uploads\/2017\/06\/diario-int-17251-1-360x238.jpg 360w\" sizes=\"(max-width: 680px) 100vw, 680px\" \/>Os anfitri\u00f5es, N\u00edvea Mello e Alexandre Oliveira<\/p>\n<p style=\"text-align: center;\"><img decoding=\"async\" class=\" size-full wp-image-76241\" src=\"http:\/\/diarioregionaljf.com.br\/wp-content\/uploads\/2017\/06\/diario-int-17251-2.jpg\" alt=\"FOTOB.jpg\" width=\"680\" style=\"display: block; margin-left: auto; margin-right: auto;\" srcset=\"https:\/\/diarioregionaldigital.com.br\/wp-content\/uploads\/2017\/06\/diario-int-17251-2.jpg 680w, https:\/\/diarioregionaldigital.com.br\/wp-content\/uploads\/2017\/06\/diario-int-17251-2-300x199.jpg 300w, https:\/\/diarioregionaldigital.com.br\/wp-content\/uploads\/2017\/06\/diario-int-17251-2-360x238.jpg 360w\" sizes=\"(max-width: 680px) 100vw, 680px\" \/>Joel Campos e \u00c2ngela Falcometa<\/p>\n<p style=\"text-align: center;\"><img decoding=\"async\" class=\" size-full wp-image-76242\" src=\"http:\/\/diarioregionaljf.com.br\/wp-content\/uploads\/2017\/06\/diario-int-17251-3.jpg\" alt=\"FOTOC.jpg\" width=\"680\" style=\"display: block; margin-left: auto; margin-right: auto;\" srcset=\"https:\/\/diarioregionaldigital.com.br\/wp-content\/uploads\/2017\/06\/diario-int-17251-3.jpg 680w, https:\/\/diarioregionaldigital.com.br\/wp-content\/uploads\/2017\/06\/diario-int-17251-3-300x199.jpg 300w, https:\/\/diarioregionaldigital.com.br\/wp-content\/uploads\/2017\/06\/diario-int-17251-3-360x238.jpg 360w\" sizes=\"(max-width: 680px) 100vw, 680px\" \/>Silvio Romero e Silas Sim\u00f5es Duarte<\/p>\n<p style=\"text-align: center;\"><img decoding=\"async\" class=\" size-full wp-image-76243\" src=\"http:\/\/diarioregionaljf.com.br\/wp-content\/uploads\/2017\/06\/diario-int-17251-4.jpg\" alt=\"FOTOD.jpg\" width=\"680\" style=\"display: block; margin-left: auto; margin-right: auto;\" srcset=\"https:\/\/diarioregionaldigital.com.br\/wp-content\/uploads\/2017\/06\/diario-int-17251-4.jpg 680w, https:\/\/diarioregionaldigital.com.br\/wp-content\/uploads\/2017\/06\/diario-int-17251-4-300x199.jpg 300w, https:\/\/diarioregionaldigital.com.br\/wp-content\/uploads\/2017\/06\/diario-int-17251-4-360x238.jpg 360w\" sizes=\"(max-width: 680px) 100vw, 680px\" \/>Bruno Tavares, Daniele Bai\u00e3o e Eduardo Felga<\/p>\n<p style=\"text-align: center;\"><img decoding=\"async\" class=\" size-full wp-image-76244\" src=\"http:\/\/diarioregionaljf.com.br\/wp-content\/uploads\/2017\/06\/diario-int-17251-5.jpg\" alt=\"FOTOE.jpg\" width=\"680\" style=\"display: block; margin-left: auto; margin-right: auto;\" srcset=\"https:\/\/diarioregionaldigital.com.br\/wp-content\/uploads\/2017\/06\/diario-int-17251-5.jpg 680w, https:\/\/diarioregionaldigital.com.br\/wp-content\/uploads\/2017\/06\/diario-int-17251-5-300x199.jpg 300w, https:\/\/diarioregionaldigital.com.br\/wp-content\/uploads\/2017\/06\/diario-int-17251-5-360x238.jpg 360w\" sizes=\"(max-width: 680px) 100vw, 680px\" \/>Cec\u00edlia Pifano e Cl\u00e1udia Perches<\/p>\n<p style=\"text-align: center;\"><img decoding=\"async\" class=\" size-full wp-image-76245\" src=\"http:\/\/diarioregionaljf.com.br\/wp-content\/uploads\/2017\/06\/diario-int-17251-6.jpg\" alt=\"FOTOF.jpg\" width=\"680\" style=\"display: block; margin-left: auto; margin-right: auto;\" srcset=\"https:\/\/diarioregionaldigital.com.br\/wp-content\/uploads\/2017\/06\/diario-int-17251-6.jpg 680w, https:\/\/diarioregionaldigital.com.br\/wp-content\/uploads\/2017\/06\/diario-int-17251-6-300x199.jpg 300w, https:\/\/diarioregionaldigital.com.br\/wp-content\/uploads\/2017\/06\/diario-int-17251-6-360x238.jpg 360w\" sizes=\"(max-width: 680px) 100vw, 680px\" \/>Jos\u00e9 Bernardes Santana, Lu\u00edsa Santana e Janise Santana<\/p>\n<p style=\"text-align: center;\"><img decoding=\"async\" class=\" size-full wp-image-76246\" src=\"http:\/\/diarioregionaljf.com.br\/wp-content\/uploads\/2017\/06\/diario-int-17251-7.jpg\" alt=\"FOTOG.jpg\" width=\"680\" style=\"display: block; margin-left: auto; margin-right: auto;\" srcset=\"https:\/\/diarioregionaldigital.com.br\/wp-content\/uploads\/2017\/06\/diario-int-17251-7.jpg 680w, https:\/\/diarioregionaldigital.com.br\/wp-content\/uploads\/2017\/06\/diario-int-17251-7-300x199.jpg 300w, https:\/\/diarioregionaldigital.com.br\/wp-content\/uploads\/2017\/06\/diario-int-17251-7-360x238.jpg 360w\" sizes=\"(max-width: 680px) 100vw, 680px\" \/>Vice-prefeito Ant\u00f4nio Almas e o advogado Lu\u00eds Alberto Pinto<\/p>\n<p style=\"text-align: center;\"><img decoding=\"async\" class=\" size-full wp-image-76247\" src=\"http:\/\/diarioregionaljf.com.br\/wp-content\/uploads\/2017\/06\/diario-int-17251-8.jpg\" alt=\"FOTOH.jpg\" width=\"680\" style=\"display: block; margin-left: auto; margin-right: auto;\" srcset=\"https:\/\/diarioregionaldigital.com.br\/wp-content\/uploads\/2017\/06\/diario-int-17251-8.jpg 680w, https:\/\/diarioregionaldigital.com.br\/wp-content\/uploads\/2017\/06\/diario-int-17251-8-300x221.jpg 300w, https:\/\/diarioregionaldigital.com.br\/wp-content\/uploads\/2017\/06\/diario-int-17251-8-360x265.jpg 360w\" sizes=\"(max-width: 680px) 100vw, 680px\" \/>Luciana Carvalho Cruz e Fernando Goulart Cruz, esquiando no Chile<\/p>\n<p style=\"text-align: center;\"><img decoding=\"async\" class=\" size-full wp-image-76248\" src=\"http:\/\/diarioregionaljf.com.br\/wp-content\/uploads\/2017\/06\/diario-int-17251-9.jpg\" alt=\"FOTOI.jpg\" width=\"680\" style=\"display: block; margin-left: auto; margin-right: auto;\" srcset=\"https:\/\/diarioregionaldigital.com.br\/wp-content\/uploads\/2017\/06\/diario-int-17251-9.jpg 680w, https:\/\/diarioregionaldigital.com.br\/wp-content\/uploads\/2017\/06\/diario-int-17251-9-300x198.jpg 300w, https:\/\/diarioregionaldigital.com.br\/wp-content\/uploads\/2017\/06\/diario-int-17251-9-360x237.jpg 360w\" sizes=\"(max-width: 680px) 100vw, 680px\" \/>No s\u00e1bado musical do Card\u00e1pio Mineiro, Maria Gomes e o filho Gustavo<\/p>\n<p style=\"text-align: center;\"><img decoding=\"async\" class=\" size-full wp-image-76249\" src=\"http:\/\/diarioregionaljf.com.br\/wp-content\/uploads\/2017\/06\/diario-int-17251-10.jpg\" alt=\"FOTOJ.jpg\" width=\"680\" style=\"display: block; margin-left: auto; margin-right: auto;\" srcset=\"https:\/\/diarioregionaldigital.com.br\/wp-content\/uploads\/2017\/06\/diario-int-17251-10.jpg 680w, https:\/\/diarioregionaldigital.com.br\/wp-content\/uploads\/2017\/06\/diario-int-17251-10-300x198.jpg 300w, https:\/\/diarioregionaldigital.com.br\/wp-content\/uploads\/2017\/06\/diario-int-17251-10-360x237.jpg 360w\" sizes=\"(max-width: 680px) 100vw, 680px\" \/>No Hospital Militar durante evento, Ten. Cel. Cl\u00e1udio, a m\u00e9dica psiquiatra Elimar Jacob Salzer Rodrigues (palestrante), Ten. Cel. Helena Dias, Ten. Cel. Bruna<\/p>\n<p style=\"text-align: center;\"><img decoding=\"async\" class=\" size-full wp-image-76250\" src=\"http:\/\/diarioregionaljf.com.br\/wp-content\/uploads\/2017\/06\/diario-int-17251-11.jpg\" alt=\"AA.jpg\" width=\"680\" style=\"display: block; margin-left: auto; margin-right: auto;\" srcset=\"https:\/\/diarioregionaldigital.com.br\/wp-content\/uploads\/2017\/06\/diario-int-17251-11.jpg 680w, https:\/\/diarioregionaldigital.com.br\/wp-content\/uploads\/2017\/06\/diario-int-17251-11-300x196.jpg 300w, https:\/\/diarioregionaldigital.com.br\/wp-content\/uploads\/2017\/06\/diario-int-17251-11-360x236.jpg 360w\" sizes=\"(max-width: 680px) 100vw, 680px\" \/>Deninha Toledo aniversariou e reuniu amigas elegantes na Assunta, Neuza Marsicano, Florinha Carmo, Maria Pires e Myrliane Le\u00e3o<\/p>\n<p class=\"h4\" style=\"text-align: center;\">FOTOSS\u00cdNTESE<\/p>\n<p>O empres\u00e1rio Vitor Veloso est\u00e1 nas nuvens. No dia 18 de junho a Mary Milk comemorou 29 anos recebendo em sua sede na Rua Coronel Pacheco, n\u00ba 124. Clientes, amigos e parceiros relembraram muitas hist\u00f3rias que j\u00e1 aconteceram durante todos esses anos.<\/p>\n<p>Levando gente de diversos segmentos de nossa sociedade, foi realizado no 10\u00ba Batalh\u00e3o de Infantaria a tarde de confraterniza\u00e7\u00e3o e lan\u00e7amento da Revista da Adesg\/JF.<\/p>\n<p>Por motivos administrativos, em 2017, o Festival de Viola e Gastronomia de Piacatuba n\u00e3o ser\u00e1 realizado.<\/p>\n<p>Para o deslumbrante Miss Brasil Gay 2017, dia 19 de agosto no Terrazzo, j\u00e1 est\u00e3o apoiando: A Cerveja Antu\u00e9rpia, Ibis Hotel, Sex Free e a Glas Lazer.<\/p>\n<p>Gente elegante marcou presen\u00e7a no Festival de Queijos e Vinhos promovida pelo Supermercado Bretas. Houve palestra de harmoniza\u00e7\u00e3o, vinhos Vin\u00edcola Errazuriz e queijos e vinhos finos.<\/p>\n<p>A agenda aponta para o dia 22 de julho, de 8h30 \u00e0s 19h, no Teatro Solar, o 1\u00ba Semin\u00e1rio de Educa\u00e7\u00e3o e sa\u00fade Qu\u00e2ntica da Zona da Mata.<\/p>\n<p>Din\u00e2mica e atuante, Lidiane Charbel de Souza \u00e9 a nova presidente do Conselho Municipal de Direito do Idoso. Para a vice-presid\u00eancia foi convocado Amarildo Pogianella.<\/p>\n<p>Foi realizado na CasAbsurda a 6\u00aa edi\u00e7\u00e3o da Exposi\u00e7\u00e3o Coletiva, com mostra, m\u00fasica e gastronomia com dezenas de artistas da pintura, ilustra\u00e7\u00e3o, fotografia, escultura, artesanato e moda.<\/p>\n<p>Com direito a trajes t\u00edpicos, vai bombar no dia 16 de julho, \u00e0s 14h, o Arraiastasamba da Sandra Portella na sede do Ol\u00edmpico. Participa\u00e7\u00e3o do Forrozeta.<\/p>\n<p>Entre os dias 16 e 25 de julho vai acontecer em Juiz de Fora umas das fases da Copa Zico. O torneio de futebol de base ir\u00e1 ocorrer pela primeira vez fora do Rio de Janeiro e ser\u00e1 realizado no Centro de Futebol Zico.<\/p>\n<p>Para curtir: No pr\u00f3ximo ano, espero estar num mundo cheio de ru\u00eddos, devolvendo a ele, n\u00e3o trov\u00f5es, nem montanhas escarpadas, nem c\u00e9u tempestuoso e, sim, p\u00e1ssaros nascendo em ninhos. Bom dia Juiz de Fora.<\/p>\n","protected":false},"excerpt":{"rendered":"<p>Seguran\u00e7aEm \u00e9poca de festejos juninos e julinos \u00e9 preciso divertir, mas com seguran\u00e7a. Quadrilhas, fogueiras, bandeirinhas comidas e bebidas t\u00edpicas e m\u00fasicas de todos os tipos. Mas \u00e9 preciso ficar atento na hora de comprar alimentos e itens decorativos, vendo a apar\u00eancia e condi\u00e7\u00f5es de armazenamento: alimentos, fogos de artif\u00edcio e bal\u00f5es t\u00eam que ser [&hellip;]<\/p>\n","protected":false},"author":96,"featured_media":76239,"comment_status":"closed","ping_status":"closed","sticky":false,"template":"","format":"standard","meta":{"footnotes":""},"categories":[264],"tags":[],"class_list":["post-76251","post","type-post","status-publish","format-standard","has-post-thumbnail","hentry","category-eduardo-gomes"],"_links":{"self":[{"href":"https:\/\/diarioregionaldigital.com.br\/index.php?rest_route=\/wp\/v2\/posts\/76251","targetHints":{"allow":["GET"]}}],"collection":[{"href":"https:\/\/diarioregionaldigital.com.br\/index.php?rest_route=\/wp\/v2\/posts"}],"about":[{"href":"https:\/\/diarioregionaldigital.com.br\/index.php?rest_route=\/wp\/v2\/types\/post"}],"author":[{"embeddable":true,"href":"https:\/\/diarioregionaldigital.com.br\/index.php?rest_route=\/wp\/v2\/users\/96"}],"replies":[{"embeddable":true,"href":"https:\/\/diarioregionaldigital.com.br\/index.php?rest_route=%2Fwp%2Fv2%2Fcomments&post=76251"}],"version-history":[{"count":0,"href":"https:\/\/diarioregionaldigital.com.br\/index.php?rest_route=\/wp\/v2\/posts\/76251\/revisions"}],"wp:featuredmedia":[{"embeddable":true,"href":"https:\/\/diarioregionaldigital.com.br\/index.php?rest_route=\/wp\/v2\/media\/76239"}],"wp:attachment":[{"href":"https:\/\/diarioregionaldigital.com.br\/index.php?rest_route=%2Fwp%2Fv2%2Fmedia&parent=76251"}],"wp:term":[{"taxonomy":"category","embeddable":true,"href":"https:\/\/diarioregionaldigital.com.br\/index.php?rest_route=%2Fwp%2Fv2%2Fcategories&post=76251"},{"taxonomy":"post_tag","embeddable":true,"href":"https:\/\/diarioregionaldigital.com.br\/index.php?rest_route=%2Fwp%2Fv2%2Ftags&post=76251"}],"curies":[{"name":"wp","href":"https:\/\/api.w.org\/{rel}","templated":true}]}}